{"id":237073,"date":"2016-01-12T00:00:00","date_gmt":"2016-01-12T00:00:00","guid":{"rendered":"https:\/\/www.ecuadortimes.net\/es\/los-bancos-ven-caer-sus-rentas-luego-de-3-anos\/"},"modified":"2016-01-12T00:00:00","modified_gmt":"2016-01-12T00:00:00","slug":"los-bancos-ven-caer-sus-rentas-luego-de-3-anos","status":"publish","type":"post","link":"https:\/\/www.ecuadortimes.net\/es\/los-bancos-ven-caer-sus-rentas-luego-de-3-anos\/","title":{"rendered":"Los bancos ven caer sus rentas luego de 3 a\u00f1os"},"content":{"rendered":"<p>&nbsp;<\/p>\n<div id=\"attachment_172108\" style=\"width: 200px\" class=\"wp-caption alignright\"><img aria-describedby=\"caption-attachment-172108\" loading=\"lazy\" class=\"size-medium wp-image-172108\" src=\"https:\/\/www.ecuadortimes.net\/es\/wp-content\/uploads\/2016\/01\/Captura-de-pantalla-2016-01-12-a-las-12.06.04-p.m.-190x300.png\" alt=\"Image: Expreso\" width=\"190\" height=\"300\" \/><p id=\"caption-attachment-172108\" class=\"wp-caption-text\">Image: Expreso<\/p><\/div>\n<p style=\"text-align: justify;\">Ni la rebaja que les impusieron a las tasas que cobran por los cr\u00e9ditos ni el recorte de las tarifas por sus servicios hab\u00edan sido ineludibles. Al final de cada a\u00f1o, siempre sus utilidades iban in crescendo.<\/p>\n<p style=\"text-align: justify;\">\n<p style=\"text-align: justify;\">Sin embargo, el 2015, un a\u00f1o econ\u00f3mico &#8220;complicado&#8221;, supuso una suerte de handicap. Por primera vez, al menos en los \u00faltimos tres a\u00f1os, los bancos acumularon por rentas menos que las del ejercicio precedente. As\u00ed, el a\u00f1o pasado sus ganancias sumaron $ 271 millones: un resbal\u00f3n del 19 % en relaci\u00f3n a las que luc\u00edan en sus balances el 2014 (334 millones de d\u00f3lares).<\/p>\n<p style=\"text-align: justify;\">\n<p style=\"text-align: justify;\">Esta disminuci\u00f3n ha tenido que ver con la ca\u00edda de los dep\u00f3sitos. Los bancos cuentan con menos insumo para dar en cr\u00e9ditos, lo que contrajo su negocio de intermediaci\u00f3n. Ahora, con esta nueva deca\u00edda de las rentas, seg\u00fan Larry Yumibanda, presidente del <strong>Colegio de Economistas del Guayas<\/strong>, lo que se ve es que baje el consumo y la inversi\u00f3n privada, dos componentes del Producto Interno Bruto (PIB) lo que, agravar\u00e1 al pron\u00f3stico de ca\u00edda del 2 % que hizo el Banco Mundial para este a\u00f1o. (I)<\/p>\n<p>&nbsp;<\/p>\n<p>Fuente: <a href=\"http:\/\/expreso.ec\/expreso\/plantillas\/nota.aspx?idart=8809191&amp;idcat=38229&amp;tipo=2\">http:\/\/expreso.ec\/expreso\/plantillas\/nota.aspx?idart=8809191&amp;idcat=38229&amp;tipo=2<\/a><\/p>\n","protected":false},"excerpt":{"rendered":"<p>&nbsp; Ni la rebaja que les impusieron a las tasas que cobran por los cr\u00e9ditos ni el recorte de las tarifas por sus servicios hab\u00edan sido ineludibles. Al final de cada a\u00f1o, siempre sus utilidades iban in crescendo. Sin embargo, el 2015, un a\u00f1o econ\u00f3mico &#8220;complicado&#8221;, supuso una suerte de handicap. Por primera vez, al menos en los \u00faltimos tres a\u00f1os, los bancos acumularon por rentas menos que las del ejercicio precedente. As\u00ed, el a\u00f1o pasado sus ganancias sumaron $ 271 millones: un resbal\u00f3n del 19 % en relaci\u00f3n a las que luc\u00edan en sus balances el 2014 (334 millones de d\u00f3lares). Esta disminuci\u00f3n ha tenido que ver con la ca\u00edda de los dep\u00f3sitos. Los bancos cuentan con menos insumo para dar en cr\u00e9ditos, lo que contrajo su negocio de intermediaci\u00f3n. Ahora, con esta nueva deca\u00edda de las rentas, seg\u00fan Larry Yumibanda, presidente del Colegio de Economistas del Guayas, lo que se ve es que baje el consumo y la inversi\u00f3n privada, dos componentes del Producto Interno Bruto (PIB) lo que, agravar\u00e1 al pron\u00f3stico de ca\u00edda del 2 % que hizo el Banco Mundial para este a\u00f1o. (I) &nbsp; Fuente: http:\/\/expreso.ec\/expreso\/plantillas\/nota.aspx?idart=8809191&amp;idcat=38229&amp;tipo=2<\/p>\n","protected":false},"author":1,"featured_media":0,"comment_status":"open","ping_status":"open","sticky":false,"template":"","format":"standard","meta":[],"categories":[54,43],"tags":[],"_links":{"self":[{"href":"https:\/\/www.ecuadortimes.net\/es\/wp-json\/wp\/v2\/posts\/237073"}],"collection":[{"href":"https:\/\/www.ecuadortimes.net\/es\/wp-json\/wp\/v2\/posts"}],"about":[{"href":"https:\/\/www.ecuadortimes.net\/es\/wp-json\/wp\/v2\/types\/post"}],"author":[{"embeddable":true,"href":"https:\/\/www.ecuadortimes.net\/es\/wp-json\/wp\/v2\/users\/1"}],"replies":[{"embeddable":true,"href":"https:\/\/www.ecuadortimes.net\/es\/wp-json\/wp\/v2\/comments?post=237073"}],"version-history":[{"count":0,"href":"https:\/\/www.ecuadortimes.net\/es\/wp-json\/wp\/v2\/posts\/237073\/revisions"}],"wp:attachment":[{"href":"https:\/\/www.ecuadortimes.net\/es\/wp-json\/wp\/v2\/media?parent=237073"}],"wp:term":[{"taxonomy":"category","embeddable":true,"href":"https:\/\/www.ecuadortimes.net\/es\/wp-json\/wp\/v2\/categories?post=237073"},{"taxonomy":"post_tag","embeddable":true,"href":"https:\/\/www.ecuadortimes.net\/es\/wp-json\/wp\/v2\/tags?post=237073"}],"curies":[{"name":"wp","href":"https:\/\/api.w.org\/{rel}","templated":true}]}}