{"id":237076,"date":"2016-01-13T00:00:00","date_gmt":"2016-01-13T00:00:00","guid":{"rendered":"https:\/\/www.ecuadortimes.net\/es\/paralizada-la-planta-de-gas-bajo-alto-por-8-dias\/"},"modified":"2016-01-13T00:00:00","modified_gmt":"2016-01-13T00:00:00","slug":"paralizada-la-planta-de-gas-bajo-alto-por-8-dias","status":"publish","type":"post","link":"https:\/\/www.ecuadortimes.net\/es\/paralizada-la-planta-de-gas-bajo-alto-por-8-dias\/","title":{"rendered":"Paralizada la planta de gas Bajo Alto por 8 d\u00edas"},"content":{"rendered":"<p>&nbsp;<\/p>\n<div id=\"attachment_172120\" style=\"width: 970px\" class=\"wp-caption aligncenter\"><img aria-describedby=\"caption-attachment-172120\" loading=\"lazy\" class=\"wp-image-172120 size-large\" src=\"https:\/\/www.ecuadortimes.net\/es\/wp-content\/uploads\/2016\/01\/plnata-paralizada-ecuadortimes-ecuadornews-1024x571.jpg\" alt=\"imagen: El Universo\" width=\"960\" height=\"535\" \/><p id=\"caption-attachment-172120\" class=\"wp-caption-text\">imagen: El Universo<\/p><\/div>\n<p style=\"text-align: justify;\"><strong>EP Petroecuador<\/strong> inform\u00f3 que la planta de licuefacci\u00f3n de gas natural, ubicada en la <strong>comunidad de Bajo Alto<\/strong> en el cant\u00f3n <strong>El Guabo (El Oro)<\/strong> tendr\u00e1 paralizadas sus operaciones al menos ocho d\u00edas: es decir hasta el pr\u00f3ximo s\u00e1bado. Esto como producto de una falla en el trasformador que provee energ\u00eda el\u00e9ctrica a la planta industrial.<\/p>\n<p style=\"text-align: justify;\">\n<p style=\"text-align: justify;\">La planta con capacidad de 200 toneladas y que abastece del combustible a empresas cer\u00e1micas de <strong>Cuenca<\/strong>, <strong>Quito<\/strong> y <strong>Guayaquil<\/strong> estaba produciendo antes de la paralizaci\u00f3n 120 toneladas m\u00e9tricas por d\u00eda. Es decir que no estaba a su m\u00e1xima capacidad.<\/p>\n<p style=\"text-align: justify;\">\n<p style=\"text-align: justify;\">Este percance no ha sido el \u00fanico registrado por la planta, la cual empez\u00f3 su producci\u00f3n desde diciembre de 2011. (I)<\/p>\n<p>&nbsp;<\/p>\n<p>Fuente: <a href=\"http:\/\/www.eluniverso.com\/noticias\/2016\/01\/13\/nota\/5342125\/paralizada-planta-gas-bajo-alto-8-dias\">http:\/\/www.eluniverso.com\/noticias\/2016\/01\/13\/nota\/5342125\/paralizada-planta-gas-bajo-alto-8-dias<\/a><\/p>\n","protected":false},"excerpt":{"rendered":"<p>&nbsp; EP Petroecuador inform\u00f3 que la planta de licuefacci\u00f3n de gas natural, ubicada en la comunidad de Bajo Alto en el cant\u00f3n El Guabo (El Oro) tendr\u00e1 paralizadas sus operaciones al menos ocho d\u00edas: es decir hasta el pr\u00f3ximo s\u00e1bado. Esto como producto de una falla en el trasformador que provee energ\u00eda el\u00e9ctrica a la planta industrial. La planta con capacidad de 200 toneladas y que abastece del combustible a empresas cer\u00e1micas de Cuenca, Quito y Guayaquil estaba produciendo antes de la paralizaci\u00f3n 120 toneladas m\u00e9tricas por d\u00eda. Es decir que no estaba a su m\u00e1xima capacidad. Este percance no ha sido el \u00fanico registrado por la planta, la cual empez\u00f3 su producci\u00f3n desde diciembre de 2011. (I) &nbsp; Fuente: http:\/\/www.eluniverso.com\/noticias\/2016\/01\/13\/nota\/5342125\/paralizada-planta-gas-bajo-alto-8-dias<\/p>\n","protected":false},"author":1,"featured_media":237077,"comment_status":"open","ping_status":"open","sticky":false,"template":"","format":"standard","meta":[],"categories":[54,40],"tags":[],"_links":{"self":[{"href":"https:\/\/www.ecuadortimes.net\/es\/wp-json\/wp\/v2\/posts\/237076"}],"collection":[{"href":"https:\/\/www.ecuadortimes.net\/es\/wp-json\/wp\/v2\/posts"}],"about":[{"href":"https:\/\/www.ecuadortimes.net\/es\/wp-json\/wp\/v2\/types\/post"}],"author":[{"embeddable":true,"href":"https:\/\/www.ecuadortimes.net\/es\/wp-json\/wp\/v2\/users\/1"}],"replies":[{"embeddable":true,"href":"https:\/\/www.ecuadortimes.net\/es\/wp-json\/wp\/v2\/comments?post=237076"}],"version-history":[{"count":0,"href":"https:\/\/www.ecuadortimes.net\/es\/wp-json\/wp\/v2\/posts\/237076\/revisions"}],"wp:featuredmedia":[{"embeddable":true,"href":"https:\/\/www.ecuadortimes.net\/es\/wp-json\/wp\/v2\/media\/237077"}],"wp:attachment":[{"href":"https:\/\/www.ecuadortimes.net\/es\/wp-json\/wp\/v2\/media?parent=237076"}],"wp:term":[{"taxonomy":"category","embeddable":true,"href":"https:\/\/www.ecuadortimes.net\/es\/wp-json\/wp\/v2\/categories?post=237076"},{"taxonomy":"post_tag","embeddable":true,"href":"https:\/\/www.ecuadortimes.net\/es\/wp-json\/wp\/v2\/tags?post=237076"}],"curies":[{"name":"wp","href":"https:\/\/api.w.org\/{rel}","templated":true}]}}