{"id":237088,"date":"2016-01-13T00:00:00","date_gmt":"2016-01-13T00:00:00","guid":{"rendered":"https:\/\/www.ecuadortimes.net\/es\/la-baja-de-clientes-obliga-a-restaurantes-a-subir-precios\/"},"modified":"2016-01-13T00:00:00","modified_gmt":"2016-01-13T00:00:00","slug":"la-baja-de-clientes-obliga-a-restaurantes-a-subir-precios","status":"publish","type":"post","link":"https:\/\/www.ecuadortimes.net\/es\/la-baja-de-clientes-obliga-a-restaurantes-a-subir-precios\/","title":{"rendered":"La baja de clientes obliga a restaurantes a subir precios"},"content":{"rendered":"<p class=\"ecxMsoNormal\" style=\"text-align: justify;\"><img loading=\"lazy\" class=\"alignleft size-full wp-image-172148\" src=\"https:\/\/www.ecuadortimes.net\/es\/wp-content\/uploads\/2016\/01\/restaurantes-ecuadortimes-ecuadornews.jpg\" alt=\"restaurantes-ecuadortimes-ecuadornews\" width=\"259\" height=\"194\" \/>La tendencia de los restaurantes es subir el precio del almuerzo, el popular hasta $ 3,25 y el ejecutivo hasta $ 5,75. A\u00fan as\u00ed los restaurantes se quedan con &#8216;hambre&#8217; como efecto de la crisis econ\u00f3mica. En un recorrido efectuado por este medio por locales de comida del centro, sur y norte de la ciudad, los propietarios de los negocios indicaron que las ventas bajaron entre un 20 % y un 60 %.<\/p>\n<p class=\"ecxMsoNormal\" style=\"text-align: justify;\">Aunque en el centro de la ciudad buscando a\u00fan se puede encontrar almuerzos a $ 2,50, el Instituto Nacional de Estad\u00edstica y Censos (INEC) indic\u00f3 en su \u00faltimo informe que los precios de la comida en restaurantes y hoteles en diciembre de 2015 subi\u00f3 un 0,21 % y anual un 4,78 %. Los consumidores indicaron que el aumento de precios sale de su presupuesto.(I)<\/p>\n<p class=\"ecxMsoNormal\" style=\"text-align: justify;\">Fuente:\u00a0http:\/\/expreso.ec\/expreso\/plantillas\/nota.aspx?idart=8812106&amp;idcat=38269&amp;tipo=2<\/p>\n","protected":false},"excerpt":{"rendered":"<p>La tendencia de los restaurantes es subir el precio del almuerzo, el popular hasta $ 3,25 y el ejecutivo hasta $ 5,75. A\u00fan as\u00ed los restaurantes se quedan con &#8216;hambre&#8217; como efecto de la crisis econ\u00f3mica. En un recorrido efectuado por este medio por locales de comida del centro, sur y norte de la ciudad, los propietarios de los negocios indicaron que las ventas bajaron entre un 20 % y un 60 %. Aunque en el centro de la ciudad buscando a\u00fan se puede encontrar almuerzos a $ 2,50, el Instituto Nacional de Estad\u00edstica y Censos (INEC) indic\u00f3 en su \u00faltimo informe que los precios de la comida en restaurantes y hoteles en diciembre de 2015 subi\u00f3 un 0,21 % y anual un 4,78 %. Los consumidores indicaron que el aumento de precios sale de su presupuesto.(I) Fuente:\u00a0http:\/\/expreso.ec\/expreso\/plantillas\/nota.aspx?idart=8812106&amp;idcat=38269&amp;tipo=2<\/p>\n","protected":false},"author":1,"featured_media":237089,"comment_status":"open","ping_status":"open","sticky":false,"template":"","format":"standard","meta":[],"categories":[43,37],"tags":[],"_links":{"self":[{"href":"https:\/\/www.ecuadortimes.net\/es\/wp-json\/wp\/v2\/posts\/237088"}],"collection":[{"href":"https:\/\/www.ecuadortimes.net\/es\/wp-json\/wp\/v2\/posts"}],"about":[{"href":"https:\/\/www.ecuadortimes.net\/es\/wp-json\/wp\/v2\/types\/post"}],"author":[{"embeddable":true,"href":"https:\/\/www.ecuadortimes.net\/es\/wp-json\/wp\/v2\/users\/1"}],"replies":[{"embeddable":true,"href":"https:\/\/www.ecuadortimes.net\/es\/wp-json\/wp\/v2\/comments?post=237088"}],"version-history":[{"count":0,"href":"https:\/\/www.ecuadortimes.net\/es\/wp-json\/wp\/v2\/posts\/237088\/revisions"}],"wp:featuredmedia":[{"embeddable":true,"href":"https:\/\/www.ecuadortimes.net\/es\/wp-json\/wp\/v2\/media\/237089"}],"wp:attachment":[{"href":"https:\/\/www.ecuadortimes.net\/es\/wp-json\/wp\/v2\/media?parent=237088"}],"wp:term":[{"taxonomy":"category","embeddable":true,"href":"https:\/\/www.ecuadortimes.net\/es\/wp-json\/wp\/v2\/categories?post=237088"},{"taxonomy":"post_tag","embeddable":true,"href":"https:\/\/www.ecuadortimes.net\/es\/wp-json\/wp\/v2\/tags?post=237088"}],"curies":[{"name":"wp","href":"https:\/\/api.w.org\/{rel}","templated":true}]}}