{"id":237090,"date":"2016-01-13T00:00:00","date_gmt":"2016-01-13T00:00:00","guid":{"rendered":"https:\/\/www.ecuadortimes.net\/es\/guadalupe-fierro-hay-que-crear-un-frente-por-la-libertad-de-expresion\/"},"modified":"2016-01-13T00:00:00","modified_gmt":"2016-01-13T00:00:00","slug":"guadalupe-fierro-hay-que-crear-un-frente-por-la-libertad-de-expresion","status":"publish","type":"post","link":"https:\/\/www.ecuadortimes.net\/es\/guadalupe-fierro-hay-que-crear-un-frente-por-la-libertad-de-expresion\/","title":{"rendered":"Guadalupe Fierro: Hay que crear un frente por la libertad de expresi\u00f3n"},"content":{"rendered":"<div id=\"attachment_172136\" style=\"width: 310px\" class=\"wp-caption alignleft\"><img aria-describedby=\"caption-attachment-172136\" loading=\"lazy\" class=\"size-medium wp-image-172136\" src=\"https:\/\/www.ecuadortimes.net\/es\/wp-content\/uploads\/2016\/01\/GUADALUPE-FIERRO-ECUADORTIMES-ECUADORNEWS-300x192.jpg\" alt=\"Imagen: El Universo\" width=\"300\" height=\"192\" \/><p id=\"caption-attachment-172136\" class=\"wp-caption-text\">Imagen: El Universo<\/p><\/div>\n<p style=\"text-align: justify;\">En entrevista con diario El Universo, Guadalupe Fierro, la nueva presidenta de <strong>Uni\u00f3n Nacional de Periodista (UNP)<\/strong>, habla de su idea de formar un frente de defensa de la libertad de expresi\u00f3n ante agresiones\u009d del gobierno.<\/p>\n<p style=\"text-align: justify;\">\n<p style=\"text-align: justify;\">No debe haber exclusiones. Lo m\u00e1s importante es que se entienda que al vulnerarse este derecho no solo se coarta un trabajo profesional, sino un derecho fundamental de toda una sociedad.\u009d<\/p>\n<p style=\"text-align: justify;\">\n<p style=\"text-align: justify;\">La convocatoria la hacen a todos los colectivos agremiados de periodistas para rescatar la dignidad del ejercicio profesional y defender la leg\u00edtima acci\u00f3n de nuestros compa\u00f1eros defender la leg\u00edtima acci\u00f3n de nuestros compa\u00f1eros, independiente de donde est\u00e9n ejerciendo su profesi\u00f3n, ya sea en los medios privados, p\u00fablicos o comunitarios. (I)<\/p>\n<p style=\"text-align: justify;\">\n<p>Fuente: <a href=\"http:\/\/www.eluniverso.com\/noticias\/2016\/01\/13\/nota\/5342278\/hay-que-crear-frente-libertad-expresion\">http:\/\/www.eluniverso.com\/noticias\/2016\/01\/13\/nota\/5342278\/hay-que-crear-frente-libertad-expresion<\/a><\/p>\n","protected":false},"excerpt":{"rendered":"<p>En entrevista con diario El Universo, Guadalupe Fierro, la nueva presidenta de Uni\u00f3n Nacional de Periodista (UNP), habla de su idea de formar un frente de defensa de la libertad de expresi\u00f3n ante agresiones\u009d del gobierno. No debe haber exclusiones. Lo m\u00e1s importante es que se entienda que al vulnerarse este derecho no solo se coarta un trabajo profesional, sino un derecho fundamental de toda una sociedad.\u009d La convocatoria la hacen a todos los colectivos agremiados de periodistas para rescatar la dignidad del ejercicio profesional y defender la leg\u00edtima acci\u00f3n de nuestros compa\u00f1eros defender la leg\u00edtima acci\u00f3n de nuestros compa\u00f1eros, independiente de donde est\u00e9n ejerciendo su profesi\u00f3n, ya sea en los medios privados, p\u00fablicos o comunitarios. (I) Fuente: http:\/\/www.eluniverso.com\/noticias\/2016\/01\/13\/nota\/5342278\/hay-que-crear-frente-libertad-expresion<\/p>\n","protected":false},"author":1,"featured_media":237091,"comment_status":"open","ping_status":"open","sticky":false,"template":"","format":"standard","meta":[],"categories":[40],"tags":[],"_links":{"self":[{"href":"https:\/\/www.ecuadortimes.net\/es\/wp-json\/wp\/v2\/posts\/237090"}],"collection":[{"href":"https:\/\/www.ecuadortimes.net\/es\/wp-json\/wp\/v2\/posts"}],"about":[{"href":"https:\/\/www.ecuadortimes.net\/es\/wp-json\/wp\/v2\/types\/post"}],"author":[{"embeddable":true,"href":"https:\/\/www.ecuadortimes.net\/es\/wp-json\/wp\/v2\/users\/1"}],"replies":[{"embeddable":true,"href":"https:\/\/www.ecuadortimes.net\/es\/wp-json\/wp\/v2\/comments?post=237090"}],"version-history":[{"count":0,"href":"https:\/\/www.ecuadortimes.net\/es\/wp-json\/wp\/v2\/posts\/237090\/revisions"}],"wp:featuredmedia":[{"embeddable":true,"href":"https:\/\/www.ecuadortimes.net\/es\/wp-json\/wp\/v2\/media\/237091"}],"wp:attachment":[{"href":"https:\/\/www.ecuadortimes.net\/es\/wp-json\/wp\/v2\/media?parent=237090"}],"wp:term":[{"taxonomy":"category","embeddable":true,"href":"https:\/\/www.ecuadortimes.net\/es\/wp-json\/wp\/v2\/categories?post=237090"},{"taxonomy":"post_tag","embeddable":true,"href":"https:\/\/www.ecuadortimes.net\/es\/wp-json\/wp\/v2\/tags?post=237090"}],"curies":[{"name":"wp","href":"https:\/\/api.w.org\/{rel}","templated":true}]}}