{"id":237096,"date":"2016-01-13T00:00:00","date_gmt":"2016-01-13T00:00:00","guid":{"rendered":"https:\/\/www.ecuadortimes.net\/es\/hasta-marzo-se-probaran-brazaletes-que-supliran-carcel-en-pensiones-alimenticias\/"},"modified":"2016-01-13T00:00:00","modified_gmt":"2016-01-13T00:00:00","slug":"hasta-marzo-se-probaran-brazaletes-que-supliran-carcel-en-pensiones-alimenticias","status":"publish","type":"post","link":"https:\/\/www.ecuadortimes.net\/es\/hasta-marzo-se-probaran-brazaletes-que-supliran-carcel-en-pensiones-alimenticias\/","title":{"rendered":"Hasta marzo se probar\u00e1n brazaletes que suplir\u00e1n c\u00e1rcel en pensiones alimenticias"},"content":{"rendered":"<p style=\"text-align: justify;\"><img loading=\"lazy\" class=\"alignleft size-medium wp-image-172160\" src=\"https:\/\/www.ecuadortimes.net\/es\/wp-content\/uploads\/2016\/01\/brazalete-deudores-ecuadortimes-ecuadornews-300x167.jpeg\" alt=\"brazalete-deudores-ecuadortimes-ecuadornews\" width=\"300\" height=\"167\" \/>Las propuestas que anunci\u00f3 el presidente <strong>Rafael Correa<\/strong> en esos casos, que incluye que el padre que deba las pensiones alimenticias solo duerma en la c\u00e1rcel para que busque durante el d\u00eda trabajo o que el Estado asuma ese pago y le d\u00e9 empleo temporalmente, se debaten entre las entidades del sistema judicial. El fiscal general,\u00a0<strong>Galo Chiriboga,<\/strong> justific\u00f3 ayer la opci\u00f3n del uso de <strong>brazaletes electr\u00f3nicos<\/strong> para controlar a la persona sin que est\u00e9 encerrada.<\/p>\n<p style=\"text-align: justify;\">La mesa de justicia trat\u00f3 este tema el lunes. La ministra <strong>Ledy Z\u00fa\u00f1iga<\/strong> sostuvo que unas 6 mil personas que cumplieron entre el 60% y 80% su pena podr\u00edan beneficiarse.<\/p>\n<p style=\"text-align: justify;\">Ahora se trabaja en la fase de pilotaje que va a permitir hacer las pruebas del uso de los dispositivos establecido en el art\u00edculo 522 del C\u00f3digo Integral Penal. Anunci\u00f3 que entre enero y marzo ser\u00e1 esa fase y estar\u00e1 anclada al sistema del ECU-911. (I)<\/p>\n<p style=\"text-align: justify;\">Fuente:\u00a0http:\/\/www.eluniverso.com\/noticias\/2016\/01\/13\/nota\/5342272\/hasta-marzo-se-probaran-brazaletes-que-supliran-carcel<\/p>\n","protected":false},"excerpt":{"rendered":"<p>Las propuestas que anunci\u00f3 el presidente Rafael Correa en esos casos, que incluye que el padre que deba las pensiones alimenticias solo duerma en la c\u00e1rcel para que busque durante el d\u00eda trabajo o que el Estado asuma ese pago y le d\u00e9 empleo temporalmente, se debaten entre las entidades del sistema judicial. El fiscal general,\u00a0Galo Chiriboga, justific\u00f3 ayer la opci\u00f3n del uso de brazaletes electr\u00f3nicos para controlar a la persona sin que est\u00e9 encerrada. La mesa de justicia trat\u00f3 este tema el lunes. La ministra Ledy Z\u00fa\u00f1iga sostuvo que unas 6 mil personas que cumplieron entre el 60% y 80% su pena podr\u00edan beneficiarse. Ahora se trabaja en la fase de pilotaje que va a permitir hacer las pruebas del uso de los dispositivos establecido en el art\u00edculo 522 del C\u00f3digo Integral Penal. Anunci\u00f3 que entre enero y marzo ser\u00e1 esa fase y estar\u00e1 anclada al sistema del ECU-911. (I) Fuente:\u00a0http:\/\/www.eluniverso.com\/noticias\/2016\/01\/13\/nota\/5342272\/hasta-marzo-se-probaran-brazaletes-que-supliran-carcel<\/p>\n","protected":false},"author":1,"featured_media":237097,"comment_status":"open","ping_status":"open","sticky":false,"template":"","format":"standard","meta":[],"categories":[40,37],"tags":[],"_links":{"self":[{"href":"https:\/\/www.ecuadortimes.net\/es\/wp-json\/wp\/v2\/posts\/237096"}],"collection":[{"href":"https:\/\/www.ecuadortimes.net\/es\/wp-json\/wp\/v2\/posts"}],"about":[{"href":"https:\/\/www.ecuadortimes.net\/es\/wp-json\/wp\/v2\/types\/post"}],"author":[{"embeddable":true,"href":"https:\/\/www.ecuadortimes.net\/es\/wp-json\/wp\/v2\/users\/1"}],"replies":[{"embeddable":true,"href":"https:\/\/www.ecuadortimes.net\/es\/wp-json\/wp\/v2\/comments?post=237096"}],"version-history":[{"count":0,"href":"https:\/\/www.ecuadortimes.net\/es\/wp-json\/wp\/v2\/posts\/237096\/revisions"}],"wp:featuredmedia":[{"embeddable":true,"href":"https:\/\/www.ecuadortimes.net\/es\/wp-json\/wp\/v2\/media\/237097"}],"wp:attachment":[{"href":"https:\/\/www.ecuadortimes.net\/es\/wp-json\/wp\/v2\/media?parent=237096"}],"wp:term":[{"taxonomy":"category","embeddable":true,"href":"https:\/\/www.ecuadortimes.net\/es\/wp-json\/wp\/v2\/categories?post=237096"},{"taxonomy":"post_tag","embeddable":true,"href":"https:\/\/www.ecuadortimes.net\/es\/wp-json\/wp\/v2\/tags?post=237096"}],"curies":[{"name":"wp","href":"https:\/\/api.w.org\/{rel}","templated":true}]}}