{"id":237100,"date":"2016-01-14T00:00:00","date_gmt":"2016-01-14T00:00:00","guid":{"rendered":"https:\/\/www.ecuadortimes.net\/es\/presidente-rafael-correa-da-veto-parcial-a-ley-de-identidad\/"},"modified":"2016-01-14T00:00:00","modified_gmt":"2016-01-14T00:00:00","slug":"presidente-rafael-correa-da-veto-parcial-a-ley-de-identidad","status":"publish","type":"post","link":"https:\/\/www.ecuadortimes.net\/es\/presidente-rafael-correa-da-veto-parcial-a-ley-de-identidad\/","title":{"rendered":"Presidente Rafael Correa da veto parcial a Ley de Identidad"},"content":{"rendered":"<p><strong>\u00a0<\/strong><\/p>\n<p style=\"text-align: justify;\">El presidente<strong> Rafael Correa<\/strong> objet\u00f3 m\u00e1s del 50 % del proyecto de <strong>Ley de Gesti\u00f3n de la Identidad y Datos Civiles<\/strong>, que la Asamblea aprob\u00f3 en diciembre pasado con 77 votos (de 137).<\/p>\n<p style=\"text-align: justify;\">\n<p style=\"text-align: justify;\">El martes envi\u00f3 al <strong>Parlamento un veto parcial<\/strong> en el que plante\u00f3 cambios a 61 art\u00edculos, de los 103 que la propuesta contiene, y a 8 disposiciones, de las 14 que hay.<\/p>\n<p style=\"text-align: justify;\">\n<p style=\"text-align: justify;\">Entre ellos, pidi\u00f3 \u0098precisar\u0099 que el matrimonio es la uni\u00f3n entre un hombre y una mujer\u009d, y la adopci\u00f3n un acto \u0098solo\u0099 para parejas de distinto sexo\u009d, como manda la Constituci\u00f3n.<\/p>\n<p style=\"text-align: justify;\">\n<p style=\"text-align: justify;\">Lo hizo en los art\u00edculos 46, sobre la adopci\u00f3n; 49, sobre el reconocimiento del hijo en matrimonio o uni\u00f3n de hecho; y 52, la autoridad ante quien se celebra e inscribe tales actos.<\/p>\n<p style=\"text-align: justify;\">\n<p style=\"text-align: justify;\">Correa consider\u00f3 que se ha omitido reproducir esta regla necesaria para la comprensi\u00f3n de las disposiciones legales\u009d.<\/p>\n<p style=\"text-align: justify;\">\n<p style=\"text-align: justify;\">Por eso, en el primer art\u00edculo plante\u00f3 agregar una frase en la parte final, y que es: En cualquier caso, la adopci\u00f3n corresponder\u00e1 solo a parejas de distinto sexo\u009d. Y en el segundo y tercero pidi\u00f3 a\u00f1adir, a continuaci\u00f3n de la referencia sobre el matrimonio, que es entre un hombre y una mujer\u009d. (I)<\/p>\n<p>&nbsp;<\/p>\n<p>Fuente: <a href=\"http:\/\/www.eluniverso.com\/noticias\/2016\/01\/13\/nota\/5342590\/presidente-rafael-correa-da-veto-parcial-ley-indetidad\">http:\/\/www.eluniverso.com\/noticias\/2016\/01\/13\/nota\/5342590\/presidente-rafael-correa-da-veto-parcial-ley-indetidad<\/a><\/p>\n","protected":false},"excerpt":{"rendered":"<p>\u00a0 El presidente Rafael Correa objet\u00f3 m\u00e1s del 50 % del proyecto de Ley de Gesti\u00f3n de la Identidad y Datos Civiles, que la Asamblea aprob\u00f3 en diciembre pasado con 77 votos (de 137). El martes envi\u00f3 al Parlamento un veto parcial en el que plante\u00f3 cambios a 61 art\u00edculos, de los 103 que la propuesta contiene, y a 8 disposiciones, de las 14 que hay. Entre ellos, pidi\u00f3 \u0098precisar\u0099 que el matrimonio es la uni\u00f3n entre un hombre y una mujer\u009d, y la adopci\u00f3n un acto \u0098solo\u0099 para parejas de distinto sexo\u009d, como manda la Constituci\u00f3n. Lo hizo en los art\u00edculos 46, sobre la adopci\u00f3n; 49, sobre el reconocimiento del hijo en matrimonio o uni\u00f3n de hecho; y 52, la autoridad ante quien se celebra e inscribe tales actos. Correa consider\u00f3 que se ha omitido reproducir esta regla necesaria para la comprensi\u00f3n de las disposiciones legales\u009d. Por eso, en el primer art\u00edculo plante\u00f3 agregar una frase en la parte final, y que es: En cualquier caso, la adopci\u00f3n corresponder\u00e1 solo a parejas de distinto sexo\u009d. Y en el segundo y tercero pidi\u00f3 a\u00f1adir, a continuaci\u00f3n de la referencia sobre el matrimonio, que es entre un hombre y una mujer\u009d. (I) &nbsp; Fuente: http:\/\/www.eluniverso.com\/noticias\/2016\/01\/13\/nota\/5342590\/presidente-rafael-correa-da-veto-parcial-ley-indetidad<\/p>\n","protected":false},"author":1,"featured_media":237101,"comment_status":"open","ping_status":"open","sticky":false,"template":"","format":"standard","meta":[],"categories":[54,40],"tags":[],"_links":{"self":[{"href":"https:\/\/www.ecuadortimes.net\/es\/wp-json\/wp\/v2\/posts\/237100"}],"collection":[{"href":"https:\/\/www.ecuadortimes.net\/es\/wp-json\/wp\/v2\/posts"}],"about":[{"href":"https:\/\/www.ecuadortimes.net\/es\/wp-json\/wp\/v2\/types\/post"}],"author":[{"embeddable":true,"href":"https:\/\/www.ecuadortimes.net\/es\/wp-json\/wp\/v2\/users\/1"}],"replies":[{"embeddable":true,"href":"https:\/\/www.ecuadortimes.net\/es\/wp-json\/wp\/v2\/comments?post=237100"}],"version-history":[{"count":0,"href":"https:\/\/www.ecuadortimes.net\/es\/wp-json\/wp\/v2\/posts\/237100\/revisions"}],"wp:featuredmedia":[{"embeddable":true,"href":"https:\/\/www.ecuadortimes.net\/es\/wp-json\/wp\/v2\/media\/237101"}],"wp:attachment":[{"href":"https:\/\/www.ecuadortimes.net\/es\/wp-json\/wp\/v2\/media?parent=237100"}],"wp:term":[{"taxonomy":"category","embeddable":true,"href":"https:\/\/www.ecuadortimes.net\/es\/wp-json\/wp\/v2\/categories?post=237100"},{"taxonomy":"post_tag","embeddable":true,"href":"https:\/\/www.ecuadortimes.net\/es\/wp-json\/wp\/v2\/tags?post=237100"}],"curies":[{"name":"wp","href":"https:\/\/api.w.org\/{rel}","templated":true}]}}