{"id":237102,"date":"2016-01-14T00:00:00","date_gmt":"2016-01-14T00:00:00","guid":{"rendered":"https:\/\/www.ecuadortimes.net\/es\/rafael-correa-habla-de-usar-credito-para-subsistir\/"},"modified":"2016-01-14T00:00:00","modified_gmt":"2016-01-14T00:00:00","slug":"rafael-correa-habla-de-usar-credito-para-subsistir","status":"publish","type":"post","link":"https:\/\/www.ecuadortimes.net\/es\/rafael-correa-habla-de-usar-credito-para-subsistir\/","title":{"rendered":"Rafael Correa habla de usar cr\u00e9dito para subsistir"},"content":{"rendered":"<p>&nbsp;<\/p>\n<div id=\"attachment_172167\" style=\"width: 310px\" class=\"wp-caption alignright\"><img aria-describedby=\"caption-attachment-172167\" loading=\"lazy\" class=\"size-medium wp-image-172167\" src=\"https:\/\/www.ecuadortimes.net\/es\/wp-content\/uploads\/2016\/01\/CREDITO-ECUADORTIMES-ECUADORNEWS-300x266.jpg\" alt=\"Imagen: El Universo\" width=\"300\" height=\"266\" \/><p id=\"caption-attachment-172167\" class=\"wp-caption-text\">Imagen: El Universo<\/p><\/div>\n<p style=\"text-align: justify;\">La idea de usar el cr\u00e9dito para seguir subsistiendo\u009d mencionada por el presidente Rafael Correa el martes pasado en el di\u00e1logo que mantuvo con tres panelistas ha generado un amplio debate en redes sociales.<\/p>\n<p style=\"text-align: justify;\">\n<p style=\"text-align: justify;\">Cerca de la mitad de la entrevista protagonizada por Alberto Padilla, Orlando P\u00e9rez y Carlos Rabascall, el mandatario intentando hacer un s\u00edmil entre las mejoras de la econom\u00eda nacional y la econom\u00eda de las familias ecuatorianas dijo: Antes del Gobierno, (el pa\u00eds) era como una familia que viv\u00eda en una casa de ca\u00f1a, en un terreno ilegal, sin educaci\u00f3n, ni salud para sus hijos y, encima, el jefe de familia pierde su trabajo y se queda en la miseria, sin comer\u009d.<\/p>\n<p style=\"text-align: justify;\">\n<p style=\"text-align: justify;\">Ahora somos una familia de clase media, con una casa de cemento, un carro, terreno legalizado, hijos con educaci\u00f3n, salud. Tal vez tenemos un problema, tal vez nos quedamos sin empleo, el jefe de familia, pero tiene tarjeta de cr\u00e9dito para seguir subsistiendo, pero ya el pa\u00eds est\u00e1 en otro nivel\u009d, a\u00f1adi\u00f3 Correa.<\/p>\n<p style=\"text-align: justify;\">\n<p style=\"text-align: justify;\">Para el analista Alberto Acosta Burneo, director de An\u00e1lisis Semanal, el presidente hizo un s\u00edmil con la econom\u00eda ecuatoriana y lo que \u00e9l hace. (I)<\/p>\n<p style=\"text-align: justify;\">\n<p>Fuente: <a href=\"http:\/\/www.eluniverso.com\/noticias\/2016\/01\/14\/nota\/5343196\/correa-habla-usar-credito-subsistir\">http:\/\/www.eluniverso.com\/noticias\/2016\/01\/14\/nota\/5343196\/correa-habla-usar-credito-subsistir<\/a><\/p>\n","protected":false},"excerpt":{"rendered":"<p>&nbsp; La idea de usar el cr\u00e9dito para seguir subsistiendo\u009d mencionada por el presidente Rafael Correa el martes pasado en el di\u00e1logo que mantuvo con tres panelistas ha generado un amplio debate en redes sociales. Cerca de la mitad de la entrevista protagonizada por Alberto Padilla, Orlando P\u00e9rez y Carlos Rabascall, el mandatario intentando hacer un s\u00edmil entre las mejoras de la econom\u00eda nacional y la econom\u00eda de las familias ecuatorianas dijo: Antes del Gobierno, (el pa\u00eds) era como una familia que viv\u00eda en una casa de ca\u00f1a, en un terreno ilegal, sin educaci\u00f3n, ni salud para sus hijos y, encima, el jefe de familia pierde su trabajo y se queda en la miseria, sin comer\u009d. Ahora somos una familia de clase media, con una casa de cemento, un carro, terreno legalizado, hijos con educaci\u00f3n, salud. Tal vez tenemos un problema, tal vez nos quedamos sin empleo, el jefe de familia, pero tiene tarjeta de cr\u00e9dito para seguir subsistiendo, pero ya el pa\u00eds est\u00e1 en otro nivel\u009d, a\u00f1adi\u00f3 Correa. Para el analista Alberto Acosta Burneo, director de An\u00e1lisis Semanal, el presidente hizo un s\u00edmil con la econom\u00eda ecuatoriana y lo que \u00e9l hace. (I) Fuente: http:\/\/www.eluniverso.com\/noticias\/2016\/01\/14\/nota\/5343196\/correa-habla-usar-credito-subsistir<\/p>\n","protected":false},"author":1,"featured_media":237103,"comment_status":"open","ping_status":"open","sticky":false,"template":"","format":"standard","meta":[],"categories":[54,43],"tags":[],"_links":{"self":[{"href":"https:\/\/www.ecuadortimes.net\/es\/wp-json\/wp\/v2\/posts\/237102"}],"collection":[{"href":"https:\/\/www.ecuadortimes.net\/es\/wp-json\/wp\/v2\/posts"}],"about":[{"href":"https:\/\/www.ecuadortimes.net\/es\/wp-json\/wp\/v2\/types\/post"}],"author":[{"embeddable":true,"href":"https:\/\/www.ecuadortimes.net\/es\/wp-json\/wp\/v2\/users\/1"}],"replies":[{"embeddable":true,"href":"https:\/\/www.ecuadortimes.net\/es\/wp-json\/wp\/v2\/comments?post=237102"}],"version-history":[{"count":0,"href":"https:\/\/www.ecuadortimes.net\/es\/wp-json\/wp\/v2\/posts\/237102\/revisions"}],"wp:featuredmedia":[{"embeddable":true,"href":"https:\/\/www.ecuadortimes.net\/es\/wp-json\/wp\/v2\/media\/237103"}],"wp:attachment":[{"href":"https:\/\/www.ecuadortimes.net\/es\/wp-json\/wp\/v2\/media?parent=237102"}],"wp:term":[{"taxonomy":"category","embeddable":true,"href":"https:\/\/www.ecuadortimes.net\/es\/wp-json\/wp\/v2\/categories?post=237102"},{"taxonomy":"post_tag","embeddable":true,"href":"https:\/\/www.ecuadortimes.net\/es\/wp-json\/wp\/v2\/tags?post=237102"}],"curies":[{"name":"wp","href":"https:\/\/api.w.org\/{rel}","templated":true}]}}