{"id":237105,"date":"2016-01-14T00:00:00","date_gmt":"2016-01-14T00:00:00","guid":{"rendered":"https:\/\/www.ecuadortimes.net\/es\/richard-calderon-ve-cambios-de-forma-en-proyecto-de-ley-de-identidad\/"},"modified":"2016-01-14T00:00:00","modified_gmt":"2016-01-14T00:00:00","slug":"richard-calderon-ve-cambios-de-forma-en-proyecto-de-ley-de-identidad","status":"publish","type":"post","link":"https:\/\/www.ecuadortimes.net\/es\/richard-calderon-ve-cambios-de-forma-en-proyecto-de-ley-de-identidad\/","title":{"rendered":"Richard Calder\u00f3n ve cambios de &#8216;forma&#8217; en proyecto de Ley de Identidad"},"content":{"rendered":"<p>&nbsp;<\/p>\n<p style=\"text-align: justify;\"><img loading=\"lazy\" class=\"aligncenter wp-image-172179 size-full\" src=\"https:\/\/www.ecuadortimes.net\/es\/wp-content\/uploads\/2016\/01\/20-10-2015-cedula-660x280.jpg\" alt=\"20-10-2015-cedula-660x280\" width=\"660\" height=\"280\" \/><\/p>\n<p style=\"text-align: justify;\">El presidente de la C<strong>omisi\u00f3n de Gobiernos Aut\u00f3nomos de la Asamblea, Richard Calder\u00f3n (AP)<\/strong>, asegur\u00f3 que el veto del Ejecutivo al proyecto de Ley de Identidad es sobre temas de \u0098forma\u0099 y no de \u0098fondo\u0099.<\/p>\n<p style=\"text-align: justify;\">\n<p style=\"text-align: justify;\">Confirm\u00f3 que la mesa que tramita la propuesta recibi\u00f3 ayer el documento, que a su vez hab\u00eda llegado al Legislativo el pasado martes.<\/p>\n<p style=\"text-align: justify;\">\n<p style=\"text-align: justify;\">El veto alcanza a<strong> 61 art\u00edculos<\/strong>, de los 103 del proyecto, y a 8 disposiciones, de las 14 que hay. Es decir, a m\u00e1s del 50%.<\/p>\n<p style=\"text-align: justify;\">\n<p style=\"text-align: justify;\">Calder\u00f3n consider\u00f3 que la cantidad obedec\u00eda a que parte de las objeciones fue al cambio de nombre del documento de identidad y a la instituci\u00f3n, que fueron mencionados en varios apartados de la propuesta.<\/p>\n<p style=\"text-align: justify;\">\n<p style=\"text-align: justify;\">El <strong>presidente Rafael Correa<\/strong> pidi\u00f3 no llamar <strong>Documento Nacional de Identidad (DNI)\u009d<\/strong> a la c\u00e9dula, ni <strong>Direcci\u00f3n Nacional de Gesti\u00f3n de la Identidad y Datos Civiles\u009d a la Direcci\u00f3n General de Registro Civil.<\/strong><\/p>\n<p style=\"text-align: justify;\">\n<p style=\"text-align: justify;\">Solicit\u00f3 mantener las actuales denominaciones.<\/p>\n<p style=\"text-align: justify;\">\n<p style=\"text-align: justify;\">Calder\u00f3n coment\u00f3 ayer que las modificaciones fueron pedidas por el Registro Civil.<\/p>\n<p style=\"text-align: justify;\">\n<p style=\"text-align: justify;\">Anunci\u00f3 que el pr\u00f3ximo martes, la Comisi\u00f3n elaborar\u00e1 el informe respectivo. (I)<\/p>\n<p style=\"text-align: justify;\">\n<p>Fuente: <a href=\"http:\/\/www.eluniverso.com\/noticias\/2016\/01\/14\/nota\/5343352\/ponente-ve-cambios-forma\">http:\/\/www.eluniverso.com\/noticias\/2016\/01\/14\/nota\/5343352\/ponente-ve-cambios-forma<\/a><\/p>\n","protected":false},"excerpt":{"rendered":"<p>&nbsp; El presidente de la Comisi\u00f3n de Gobiernos Aut\u00f3nomos de la Asamblea, Richard Calder\u00f3n (AP), asegur\u00f3 que el veto del Ejecutivo al proyecto de Ley de Identidad es sobre temas de \u0098forma\u0099 y no de \u0098fondo\u0099. Confirm\u00f3 que la mesa que tramita la propuesta recibi\u00f3 ayer el documento, que a su vez hab\u00eda llegado al Legislativo el pasado martes. El veto alcanza a 61 art\u00edculos, de los 103 del proyecto, y a 8 disposiciones, de las 14 que hay. Es decir, a m\u00e1s del 50%. Calder\u00f3n consider\u00f3 que la cantidad obedec\u00eda a que parte de las objeciones fue al cambio de nombre del documento de identidad y a la instituci\u00f3n, que fueron mencionados en varios apartados de la propuesta. El presidente Rafael Correa pidi\u00f3 no llamar Documento Nacional de Identidad (DNI)\u009d a la c\u00e9dula, ni Direcci\u00f3n Nacional de Gesti\u00f3n de la Identidad y Datos Civiles\u009d a la Direcci\u00f3n General de Registro Civil. Solicit\u00f3 mantener las actuales denominaciones. Calder\u00f3n coment\u00f3 ayer que las modificaciones fueron pedidas por el Registro Civil. Anunci\u00f3 que el pr\u00f3ximo martes, la Comisi\u00f3n elaborar\u00e1 el informe respectivo. (I) Fuente: http:\/\/www.eluniverso.com\/noticias\/2016\/01\/14\/nota\/5343352\/ponente-ve-cambios-forma<\/p>\n","protected":false},"author":1,"featured_media":237106,"comment_status":"open","ping_status":"open","sticky":false,"template":"","format":"standard","meta":[],"categories":[54,40],"tags":[],"_links":{"self":[{"href":"https:\/\/www.ecuadortimes.net\/es\/wp-json\/wp\/v2\/posts\/237105"}],"collection":[{"href":"https:\/\/www.ecuadortimes.net\/es\/wp-json\/wp\/v2\/posts"}],"about":[{"href":"https:\/\/www.ecuadortimes.net\/es\/wp-json\/wp\/v2\/types\/post"}],"author":[{"embeddable":true,"href":"https:\/\/www.ecuadortimes.net\/es\/wp-json\/wp\/v2\/users\/1"}],"replies":[{"embeddable":true,"href":"https:\/\/www.ecuadortimes.net\/es\/wp-json\/wp\/v2\/comments?post=237105"}],"version-history":[{"count":0,"href":"https:\/\/www.ecuadortimes.net\/es\/wp-json\/wp\/v2\/posts\/237105\/revisions"}],"wp:featuredmedia":[{"embeddable":true,"href":"https:\/\/www.ecuadortimes.net\/es\/wp-json\/wp\/v2\/media\/237106"}],"wp:attachment":[{"href":"https:\/\/www.ecuadortimes.net\/es\/wp-json\/wp\/v2\/media?parent=237105"}],"wp:term":[{"taxonomy":"category","embeddable":true,"href":"https:\/\/www.ecuadortimes.net\/es\/wp-json\/wp\/v2\/categories?post=237105"},{"taxonomy":"post_tag","embeddable":true,"href":"https:\/\/www.ecuadortimes.net\/es\/wp-json\/wp\/v2\/tags?post=237105"}],"curies":[{"name":"wp","href":"https:\/\/api.w.org\/{rel}","templated":true}]}}