{"id":237108,"date":"2016-01-14T00:00:00","date_gmt":"2016-01-14T00:00:00","guid":{"rendered":"https:\/\/www.ecuadortimes.net\/es\/dahik-no-comparto-la-manera-que-el-gobierno-piensa-manejar-el-timbre-cambiario\/"},"modified":"2016-01-14T00:00:00","modified_gmt":"2016-01-14T00:00:00","slug":"dahik-no-comparto-la-manera-que-el-gobierno-piensa-manejar-el-timbre-cambiario","status":"publish","type":"post","link":"https:\/\/www.ecuadortimes.net\/es\/dahik-no-comparto-la-manera-que-el-gobierno-piensa-manejar-el-timbre-cambiario\/","title":{"rendered":"Dahik: No comparto la manera que el gobierno piensa manejar el Timbre Cambiario&#8221;"},"content":{"rendered":"<p><iframe loading=\"lazy\" src=\"https:\/\/www.youtube.com\/embed\/6Zu9ZEDYREs\" width=\"420\" height=\"315\" frameborder=\"0\" allowfullscreen=\"allowfullscreen\"><\/iframe><\/p>\n<p style=\"text-align: justify;\">El exvicepresidente Alberto Dahik, mentalizador del &#8216;timbre cambiario&#8217; y que el gobierno se apresta a implementar, explic\u00f3 en entrevista para Ecuavisa que esa medida es una propuesta de una lista de 21 puntos, de un programa completo para sacar a la econom\u00eda ecuatoriana de la crisis.<\/p>\n<p style=\"text-align: justify;\">Adem\u00e1s, la propuesta original contempla la reducci\u00f3n y la unificaci\u00f3n de todos los aranceles, la eliminaci\u00f3n de todas las cuotas, cupos, restricciones al comercio exterior, la eliminaci\u00f3n del impuesto a la salida de capitales, que el Estado pague tambi\u00e9n aranceles, y dentro de ese conjunto de medidas previas implementar un mecanismo de mercado que coadyuve a estimular las exportaciones y a regular, no a trav\u00e9s de controles como en Venezuela y Argentina, el mercado de las importaciones.<\/p>\n<p style=\"text-align: justify;\">Ahora, resulta ser que de todo lo que estoy oyendo el mecanismo que va a adoptar el Gobierno es diferente, y eso s\u00ed me preocupa mucho\u009d, apostill\u00f3. (I)<\/p>\n","protected":false},"excerpt":{"rendered":"<p>El exvicepresidente Alberto Dahik, mentalizador del &#8216;timbre cambiario&#8217; y que el gobierno se apresta a implementar, explic\u00f3 en entrevista para Ecuavisa que esa medida es una propuesta de una lista de 21 puntos, de un programa completo para sacar a la econom\u00eda ecuatoriana de la crisis. Adem\u00e1s, la propuesta original contempla la reducci\u00f3n y la unificaci\u00f3n de todos los aranceles, la eliminaci\u00f3n de todas las cuotas, cupos, restricciones al comercio exterior, la eliminaci\u00f3n del impuesto a la salida de capitales, que el Estado pague tambi\u00e9n aranceles, y dentro de ese conjunto de medidas previas implementar un mecanismo de mercado que coadyuve a estimular las exportaciones y a regular, no a trav\u00e9s de controles como en Venezuela y Argentina, el mercado de las importaciones. Ahora, resulta ser que de todo lo que estoy oyendo el mecanismo que va a adoptar el Gobierno es diferente, y eso s\u00ed me preocupa mucho\u009d, apostill\u00f3. (I)<\/p>\n","protected":false},"author":1,"featured_media":0,"comment_status":"open","ping_status":"open","sticky":false,"template":"","format":"standard","meta":[],"categories":[54,40],"tags":[],"_links":{"self":[{"href":"https:\/\/www.ecuadortimes.net\/es\/wp-json\/wp\/v2\/posts\/237108"}],"collection":[{"href":"https:\/\/www.ecuadortimes.net\/es\/wp-json\/wp\/v2\/posts"}],"about":[{"href":"https:\/\/www.ecuadortimes.net\/es\/wp-json\/wp\/v2\/types\/post"}],"author":[{"embeddable":true,"href":"https:\/\/www.ecuadortimes.net\/es\/wp-json\/wp\/v2\/users\/1"}],"replies":[{"embeddable":true,"href":"https:\/\/www.ecuadortimes.net\/es\/wp-json\/wp\/v2\/comments?post=237108"}],"version-history":[{"count":0,"href":"https:\/\/www.ecuadortimes.net\/es\/wp-json\/wp\/v2\/posts\/237108\/revisions"}],"wp:attachment":[{"href":"https:\/\/www.ecuadortimes.net\/es\/wp-json\/wp\/v2\/media?parent=237108"}],"wp:term":[{"taxonomy":"category","embeddable":true,"href":"https:\/\/www.ecuadortimes.net\/es\/wp-json\/wp\/v2\/categories?post=237108"},{"taxonomy":"post_tag","embeddable":true,"href":"https:\/\/www.ecuadortimes.net\/es\/wp-json\/wp\/v2\/tags?post=237108"}],"curies":[{"name":"wp","href":"https:\/\/api.w.org\/{rel}","templated":true}]}}