{"id":237109,"date":"2016-01-14T00:00:00","date_gmt":"2016-01-14T00:00:00","guid":{"rendered":"https:\/\/www.ecuadortimes.net\/es\/te-fuiste-nuevo-videoclip-de-gotay\/"},"modified":"2016-01-14T00:00:00","modified_gmt":"2016-01-14T00:00:00","slug":"te-fuiste-nuevo-videoclip-de-gotay","status":"publish","type":"post","link":"https:\/\/www.ecuadortimes.net\/es\/te-fuiste-nuevo-videoclip-de-gotay\/","title":{"rendered":"Te Fuiste nuevo videoclip de Gotay"},"content":{"rendered":"<p><iframe loading=\"lazy\" src=\"https:\/\/www.youtube.com\/embed\/4ykbz-4MoHg\" width=\"560\" height=\"315\" frameborder=\"0\" allowfullscreen=\"allowfullscreen\"><\/iframe><\/p>\n<p>&nbsp;<\/p>\n<p style=\"text-align: justify;\">El <strong>reggaetonero puertorrique\u00f1o Gotay<\/strong>, que surgi\u00f3 de las redes sociales al acumular millones de vistas a sus temas, estrena ma\u00f1ana el video de su canci\u00f3n Te fuiste.<\/p>\n<p style=\"text-align: justify;\">El artista lo har\u00e1 a trav\u00e9s de su <strong><a href=\"https:\/\/www.youtube.com\/channel\/UCGRxRO0Vj9d_y7_ZXLn6XnQ\">canal de YouTube: Gotayelautentiko<\/a><\/strong>. Esta producci\u00f3n fue filmada en Medell\u00edn (Colombia), en octubre pasado, por la empresa 36 Grados, firma responsable de realizar producciones similares a <strong>J Balvin y Nicky Jam<\/strong>, tambi\u00e9n exponentes del g\u00e9nero urbano.<\/p>\n<p style=\"text-align: justify;\"><strong>Gotay<\/strong> comparti\u00f3 protagonismo en el video con la modelo y virreina de Antioquia, Meliza Nore\u00f1a.<\/p>\n<p style=\"text-align: justify;\">Fue una experiencia nueva, mis seguidores ya me estaban presionando porque quieren que suba un escal\u00f3n m\u00e1s, y creo que lo vamos a lograr\u009d, dijo el cantante. (E)<\/p>\n<p>&nbsp;<\/p>\n<p>Fuente: <a href=\"http:\/\/www.eluniverso.com\/vida-estilo\/2016\/01\/14\/nota\/5342995\/gotay-presenta-nuevo-material-audiovisual\">http:\/\/www.eluniverso.com\/vida-estilo\/2016\/01\/14\/nota\/5342995\/gotay-presenta-nuevo-material-audiovisual<\/a><\/p>\n","protected":false},"excerpt":{"rendered":"<p>&nbsp; El reggaetonero puertorrique\u00f1o Gotay, que surgi\u00f3 de las redes sociales al acumular millones de vistas a sus temas, estrena ma\u00f1ana el video de su canci\u00f3n Te fuiste. El artista lo har\u00e1 a trav\u00e9s de su canal de YouTube: Gotayelautentiko. Esta producci\u00f3n fue filmada en Medell\u00edn (Colombia), en octubre pasado, por la empresa 36 Grados, firma responsable de realizar producciones similares a J Balvin y Nicky Jam, tambi\u00e9n exponentes del g\u00e9nero urbano. Gotay comparti\u00f3 protagonismo en el video con la modelo y virreina de Antioquia, Meliza Nore\u00f1a. Fue una experiencia nueva, mis seguidores ya me estaban presionando porque quieren que suba un escal\u00f3n m\u00e1s, y creo que lo vamos a lograr\u009d, dijo el cantante. (E) &nbsp; Fuente: http:\/\/www.eluniverso.com\/vida-estilo\/2016\/01\/14\/nota\/5342995\/gotay-presenta-nuevo-material-audiovisual<\/p>\n","protected":false},"author":1,"featured_media":0,"comment_status":"open","ping_status":"open","sticky":false,"template":"","format":"standard","meta":[],"categories":[44],"tags":[],"_links":{"self":[{"href":"https:\/\/www.ecuadortimes.net\/es\/wp-json\/wp\/v2\/posts\/237109"}],"collection":[{"href":"https:\/\/www.ecuadortimes.net\/es\/wp-json\/wp\/v2\/posts"}],"about":[{"href":"https:\/\/www.ecuadortimes.net\/es\/wp-json\/wp\/v2\/types\/post"}],"author":[{"embeddable":true,"href":"https:\/\/www.ecuadortimes.net\/es\/wp-json\/wp\/v2\/users\/1"}],"replies":[{"embeddable":true,"href":"https:\/\/www.ecuadortimes.net\/es\/wp-json\/wp\/v2\/comments?post=237109"}],"version-history":[{"count":0,"href":"https:\/\/www.ecuadortimes.net\/es\/wp-json\/wp\/v2\/posts\/237109\/revisions"}],"wp:attachment":[{"href":"https:\/\/www.ecuadortimes.net\/es\/wp-json\/wp\/v2\/media?parent=237109"}],"wp:term":[{"taxonomy":"category","embeddable":true,"href":"https:\/\/www.ecuadortimes.net\/es\/wp-json\/wp\/v2\/categories?post=237109"},{"taxonomy":"post_tag","embeddable":true,"href":"https:\/\/www.ecuadortimes.net\/es\/wp-json\/wp\/v2\/tags?post=237109"}],"curies":[{"name":"wp","href":"https:\/\/api.w.org\/{rel}","templated":true}]}}