{"id":237110,"date":"2016-01-14T00:00:00","date_gmt":"2016-01-14T00:00:00","guid":{"rendered":"https:\/\/www.ecuadortimes.net\/es\/5-temas-economicos-marcaran-la-agenda-este-ano\/"},"modified":"2016-01-14T00:00:00","modified_gmt":"2016-01-14T00:00:00","slug":"5-temas-economicos-marcaran-la-agenda-este-ano","status":"publish","type":"post","link":"https:\/\/www.ecuadortimes.net\/es\/5-temas-economicos-marcaran-la-agenda-este-ano\/","title":{"rendered":"5 temas econ\u00f3micos marcar\u00e1n la agenda este a\u00f1o"},"content":{"rendered":"<p>&nbsp;<\/p>\n<p style=\"text-align: justify;\"><img loading=\"lazy\" class=\"size-medium wp-image-172194 alignright\" src=\"https:\/\/www.ecuadortimes.net\/es\/wp-content\/uploads\/2016\/01\/Captura-de-pantalla-2016-01-14-a-las-12.05.40-p.m.-300x164.png\" alt=\"Captura de pantalla 2016-01-14 a las 12.05.40 p.m.\" width=\"300\" height=\"164\" \/>Cinco temas econ\u00f3micos ser\u00e1n claves este a\u00f1o, seg\u00fan el debate que generaron entre los panelistas que participaron la noche del martes pasado en el di\u00e1logo De Cara al Futuro, con la participaci\u00f3n del presidente Rafael Correa.<\/p>\n<p style=\"text-align: justify;\">\n<p style=\"text-align: justify;\">El crecimiento, balanza comercial, financiamiento, inversi\u00f3n y desempleo son temas que preocupan a analistas y al propio Gobierno, que trabaja en estrategias para mejorar los indicadores en todas esas \u00e1reas.<\/p>\n<p style=\"text-align: justify;\">\n<p style=\"text-align: justify;\">Pese a eso se mantienen las interrogantes sobre el futuro de la econom\u00eda nacional.<\/p>\n<p style=\"text-align: justify;\">\n<p style=\"text-align: justify;\">Correa explic\u00f3 que el pa\u00eds ya no es el mismo de hace siete a\u00f1os. Dijo que el Ecuador es el que mejor ha transformado el boom petrolero en bienestar y destac\u00f3 la enorme obra en vialidad, hidroel\u00e9ctricas, inversi\u00f3n social, etc.<\/p>\n<p style=\"text-align: justify;\">\n<p style=\"text-align: justify;\">El Mandatario dijo que este a\u00f1o el pa\u00eds alcanzar\u00e1 un crecimiento del 1%, pero analistas y exautoridades creen que el menor dinamismo del a\u00f1o pasado continuar\u00e1 este a\u00f1o con impactos en el empleo. Otro problema es la falta de acceso a financiamiento debido a la ca\u00edda del precio del petr\u00f3leo, lo que supondr\u00e1 un nuevo baj\u00f3n en el nivel de inversi\u00f3n p\u00fablica durante el presente a\u00f1o. (I)<\/p>\n<p>&nbsp;<\/p>\n<p>Fuente: <a href=\"http:\/\/www.elcomercio.com\/actualidad\/temas-economicos-marcaran-agenda-2016.html\">http:\/\/www.elcomercio.com\/actualidad\/temas-economicos-marcaran-agenda-2016.html<\/a><\/p>\n","protected":false},"excerpt":{"rendered":"<p>&nbsp; Cinco temas econ\u00f3micos ser\u00e1n claves este a\u00f1o, seg\u00fan el debate que generaron entre los panelistas que participaron la noche del martes pasado en el di\u00e1logo De Cara al Futuro, con la participaci\u00f3n del presidente Rafael Correa. El crecimiento, balanza comercial, financiamiento, inversi\u00f3n y desempleo son temas que preocupan a analistas y al propio Gobierno, que trabaja en estrategias para mejorar los indicadores en todas esas \u00e1reas. Pese a eso se mantienen las interrogantes sobre el futuro de la econom\u00eda nacional. Correa explic\u00f3 que el pa\u00eds ya no es el mismo de hace siete a\u00f1os. Dijo que el Ecuador es el que mejor ha transformado el boom petrolero en bienestar y destac\u00f3 la enorme obra en vialidad, hidroel\u00e9ctricas, inversi\u00f3n social, etc. El Mandatario dijo que este a\u00f1o el pa\u00eds alcanzar\u00e1 un crecimiento del 1%, pero analistas y exautoridades creen que el menor dinamismo del a\u00f1o pasado continuar\u00e1 este a\u00f1o con impactos en el empleo. Otro problema es la falta de acceso a financiamiento debido a la ca\u00edda del precio del petr\u00f3leo, lo que supondr\u00e1 un nuevo baj\u00f3n en el nivel de inversi\u00f3n p\u00fablica durante el presente a\u00f1o. (I) &nbsp; Fuente: http:\/\/www.elcomercio.com\/actualidad\/temas-economicos-marcaran-agenda-2016.html<\/p>\n","protected":false},"author":1,"featured_media":0,"comment_status":"open","ping_status":"open","sticky":false,"template":"","format":"standard","meta":[],"categories":[54,43],"tags":[],"_links":{"self":[{"href":"https:\/\/www.ecuadortimes.net\/es\/wp-json\/wp\/v2\/posts\/237110"}],"collection":[{"href":"https:\/\/www.ecuadortimes.net\/es\/wp-json\/wp\/v2\/posts"}],"about":[{"href":"https:\/\/www.ecuadortimes.net\/es\/wp-json\/wp\/v2\/types\/post"}],"author":[{"embeddable":true,"href":"https:\/\/www.ecuadortimes.net\/es\/wp-json\/wp\/v2\/users\/1"}],"replies":[{"embeddable":true,"href":"https:\/\/www.ecuadortimes.net\/es\/wp-json\/wp\/v2\/comments?post=237110"}],"version-history":[{"count":0,"href":"https:\/\/www.ecuadortimes.net\/es\/wp-json\/wp\/v2\/posts\/237110\/revisions"}],"wp:attachment":[{"href":"https:\/\/www.ecuadortimes.net\/es\/wp-json\/wp\/v2\/media?parent=237110"}],"wp:term":[{"taxonomy":"category","embeddable":true,"href":"https:\/\/www.ecuadortimes.net\/es\/wp-json\/wp\/v2\/categories?post=237110"},{"taxonomy":"post_tag","embeddable":true,"href":"https:\/\/www.ecuadortimes.net\/es\/wp-json\/wp\/v2\/tags?post=237110"}],"curies":[{"name":"wp","href":"https:\/\/api.w.org\/{rel}","templated":true}]}}