{"id":237111,"date":"2016-01-14T00:00:00","date_gmt":"2016-01-14T00:00:00","guid":{"rendered":"https:\/\/www.ecuadortimes.net\/es\/refineria-del-pacifico-el-fraude-chavista-contra-ecuador\/"},"modified":"2016-01-14T00:00:00","modified_gmt":"2016-01-14T00:00:00","slug":"refineria-del-pacifico-el-fraude-chavista-contra-ecuador","status":"publish","type":"post","link":"https:\/\/www.ecuadortimes.net\/es\/refineria-del-pacifico-el-fraude-chavista-contra-ecuador\/","title":{"rendered":"Refiner\u00eda del pac\u00edfico: El fraude chavista contra Ecuador"},"content":{"rendered":"<p style=\"text-align: justify;\">El presidente Rafael correa delgado, tiene obsesi\u00f3n por izar la bandera del \u00e9pico proyecto: la <strong>refiner\u00eda del Pac\u00edfico Eloy Alfaro delgado<\/strong>, as\u00ed expone el <a href=\"http:\/\/focusecuador.net\/2016\/01\/13\/refineria-del-pacifico-el-fraude-chavista-contra-ecuador\/\" target=\"_blank\" rel=\"noopener noreferrer\">articulo de <\/a><strong><a href=\"http:\/\/focusecuador.net\/2016\/01\/13\/refineria-del-pacifico-el-fraude-chavista-contra-ecuador\/\" target=\"_blank\" rel=\"noopener noreferrer\">Fernando Villavicencio en focusecuador.ne<\/a>t.<\/strong><\/p>\n<p style=\"text-align: justify;\">\n<p style=\"text-align: justify;\">El proyecto se inicio hace ocho a\u00f1os, junto al entonces <strong>presidente de Venezuela Hugo Ch\u00e1vez<\/strong>, con quien puso la primera piedra en El Aromo, (<strong>Manab\u00ed)<\/strong>, y alert\u00f3 a <strong>Latinoam\u00e9rica<\/strong>: no envainaremos la espada alfarista hasta conseguir nuestro objetivo. Ahora, sin Ch\u00e1vez, en medio de la peor crisis econ\u00f3mica y pol\u00edtica, con una industria petrolera marcando cifras en rojo, sin reservas probadas que justifique la obra, con su socio <strong>PDVSA<\/strong> ahogado en una cat\u00e1strofe operativa y econ\u00f3mica, el EGOnomista\u009d persiste en concretar el mayor endeudamiento de los \u00faltimos tiempos -usd 8.000 millones-, para levantar la obra que podr\u00eda convertirse en un elefante met\u00e1lico que refine m\u00e1s corrupci\u00f3n que derivados.<\/p>\n<p style=\"text-align: justify;\">\n<p style=\"text-align: justify;\">Durante el \u00faltimo semestre del 2015, se busc\u00f3 que China fuera el tercer socio con el consorcio<strong> Sinomach-Hyundai, el bank of China y Sinosure.<\/strong><\/p>\n<p style=\"text-align: justify;\">\n<p style=\"text-align: justify;\">Al nacer, el proyecto refinador estaba valorado en USD 2.400 millones. Una d\u00e9cada despu\u00e9s la obra acab\u00f3 costando m\u00e1s de USD 20.000 millones, y convirti\u00e9ndose en la obra m\u00e1s obscena de corrupci\u00f3n del caso judicial Lava Jato (lavado de autos), por el cual est\u00e1 sentenciado el ex presidente de Petrobras, Paulo Roberto Costa, acusado de desviar fondos del proyecto.<\/p>\n<p style=\"text-align: justify;\">\n<p style=\"text-align: justify;\">La refiner\u00eda Abreu e Lima es una de las m\u00e1s caras de las historia petrolera. Las investigaciones se\u00f1alan que hubo un incremento de costos del 770% y p\u00e9rdidas por USD 3.200 millones. Pdvsa se retir\u00f3 del proyecto sin aportar a la sociedad mixta. La obra tiene 141 alteraciones en sus dise\u00f1os y construcci\u00f3n. (I)<\/p>\n<p style=\"text-align: justify;\">\n<p>Fuente: <a href=\"http:\/\/focusecuador.net\/2016\/01\/13\/refineria-del-pacifico-el-fraude-chavista-contra-ecuador\/\">http:\/\/focusecuador.net\/2016\/01\/13\/refineria-del-pacifico-el-fraude-chavista-contra-ecuador\/<\/a><\/p>\n<p>&nbsp;<\/p>\n","protected":false},"excerpt":{"rendered":"<p>El presidente Rafael correa delgado, tiene obsesi\u00f3n por izar la bandera del \u00e9pico proyecto: la refiner\u00eda del Pac\u00edfico Eloy Alfaro delgado, as\u00ed expone el articulo de Fernando Villavicencio en focusecuador.net. El proyecto se inicio hace ocho a\u00f1os, junto al entonces presidente de Venezuela Hugo Ch\u00e1vez, con quien puso la primera piedra en El Aromo, (Manab\u00ed), y alert\u00f3 a Latinoam\u00e9rica: no envainaremos la espada alfarista hasta conseguir nuestro objetivo. Ahora, sin Ch\u00e1vez, en medio de la peor crisis econ\u00f3mica y pol\u00edtica, con una industria petrolera marcando cifras en rojo, sin reservas probadas que justifique la obra, con su socio PDVSA ahogado en una cat\u00e1strofe operativa y econ\u00f3mica, el EGOnomista\u009d persiste en concretar el mayor endeudamiento de los \u00faltimos tiempos -usd 8.000 millones-, para levantar la obra que podr\u00eda convertirse en un elefante met\u00e1lico que refine m\u00e1s corrupci\u00f3n que derivados. Durante el \u00faltimo semestre del 2015, se busc\u00f3 que China fuera el tercer socio con el consorcio Sinomach-Hyundai, el bank of China y Sinosure. Al nacer, el proyecto refinador estaba valorado en USD 2.400 millones. Una d\u00e9cada despu\u00e9s la obra acab\u00f3 costando m\u00e1s de USD 20.000 millones, y convirti\u00e9ndose en la obra m\u00e1s obscena de corrupci\u00f3n del caso judicial Lava Jato (lavado de autos), por el cual est\u00e1 sentenciado el ex presidente de Petrobras, Paulo Roberto Costa, acusado de desviar fondos del proyecto. La refiner\u00eda Abreu e Lima es una de las m\u00e1s caras de las historia petrolera. Las investigaciones se\u00f1alan que hubo un incremento de costos del 770% y p\u00e9rdidas por USD 3.200 millones. Pdvsa se retir\u00f3 del proyecto sin aportar a la sociedad mixta. La obra tiene 141 alteraciones en sus dise\u00f1os y construcci\u00f3n. (I) Fuente: http:\/\/focusecuador.net\/2016\/01\/13\/refineria-del-pacifico-el-fraude-chavista-contra-ecuador\/ &nbsp;<\/p>\n","protected":false},"author":1,"featured_media":237112,"comment_status":"open","ping_status":"open","sticky":false,"template":"","format":"standard","meta":[],"categories":[54,43],"tags":[],"_links":{"self":[{"href":"https:\/\/www.ecuadortimes.net\/es\/wp-json\/wp\/v2\/posts\/237111"}],"collection":[{"href":"https:\/\/www.ecuadortimes.net\/es\/wp-json\/wp\/v2\/posts"}],"about":[{"href":"https:\/\/www.ecuadortimes.net\/es\/wp-json\/wp\/v2\/types\/post"}],"author":[{"embeddable":true,"href":"https:\/\/www.ecuadortimes.net\/es\/wp-json\/wp\/v2\/users\/1"}],"replies":[{"embeddable":true,"href":"https:\/\/www.ecuadortimes.net\/es\/wp-json\/wp\/v2\/comments?post=237111"}],"version-history":[{"count":0,"href":"https:\/\/www.ecuadortimes.net\/es\/wp-json\/wp\/v2\/posts\/237111\/revisions"}],"wp:featuredmedia":[{"embeddable":true,"href":"https:\/\/www.ecuadortimes.net\/es\/wp-json\/wp\/v2\/media\/237112"}],"wp:attachment":[{"href":"https:\/\/www.ecuadortimes.net\/es\/wp-json\/wp\/v2\/media?parent=237111"}],"wp:term":[{"taxonomy":"category","embeddable":true,"href":"https:\/\/www.ecuadortimes.net\/es\/wp-json\/wp\/v2\/categories?post=237111"},{"taxonomy":"post_tag","embeddable":true,"href":"https:\/\/www.ecuadortimes.net\/es\/wp-json\/wp\/v2\/tags?post=237111"}],"curies":[{"name":"wp","href":"https:\/\/api.w.org\/{rel}","templated":true}]}}