{"id":237113,"date":"2016-01-15T00:00:00","date_gmt":"2016-01-15T00:00:00","guid":{"rendered":"https:\/\/www.ecuadortimes.net\/es\/rafael-correa-nueve-anos-de-luces-y-de-sombras\/"},"modified":"2016-01-15T00:00:00","modified_gmt":"2016-01-15T00:00:00","slug":"rafael-correa-nueve-anos-de-luces-y-de-sombras","status":"publish","type":"post","link":"https:\/\/www.ecuadortimes.net\/es\/rafael-correa-nueve-anos-de-luces-y-de-sombras\/","title":{"rendered":"Rafael Correa, nueve a\u00f1os de luces y de sombras"},"content":{"rendered":"<p>&nbsp;<\/p>\n<p style=\"text-align: justify;\"><img loading=\"lazy\" class=\"size-medium wp-image-172204 alignright\" src=\"https:\/\/www.ecuadortimes.net\/es\/wp-content\/uploads\/2016\/01\/rafael-correa-ecuadortimes-ecuadornews-300x225.jpg\" alt=\"rafael correa-ecuadortimes-ecuadornews\" width=\"300\" height=\"225\" \/>El presidente <strong>Rafael Correa<\/strong> cumple hoy nueve a\u00f1os de haber asumido el poder y entra a la recta final de su Gobierno.<\/p>\n<p style=\"text-align: justify;\">\n<p style=\"text-align: justify;\">Persiguiendo la promesa que hiciera cuando a\u00fan era candidato (&#8220;Vamos a cambiarlo todo&#8221;), el <strong>Gobierno de Correa<\/strong> ha extendido su inter\u00e9s a las \u00e1reas m\u00e1s diversas.<\/p>\n<p style=\"text-align: justify;\">\n<p style=\"text-align: justify;\">La Constituci\u00f3n y un aparato legal que incluye un centenar de leyes; la Justicia y una reforma con intervenci\u00f3n de sus delegados; la econom\u00eda y la inversi\u00f3n y la deuda; las relaciones internacionales, en las que ha alcanzado puestos relevantes y cr\u00edticas sonoras; la educaci\u00f3n y la salud, rubros en los que los hospitales y escuelas pintan flamantes, pero los sistemas y colaboradores se mantienen en constante observaci\u00f3n; los derechos humanos, que se dicen reivindicados y se dicen atropellados; y la comunicaci\u00f3n, el m\u00e1s sensible de sus legados. (I)<\/p>\n<p>&nbsp;<\/p>\n<p>Fuente: <a href=\"http:\/\/expreso.ec\/expreso\/plantillas\/nota.aspx?idart=8818059&amp;idcat=38269&amp;tipo=2\">http:\/\/expreso.ec\/expreso\/plantillas\/nota.aspx?idart=8818059&amp;idcat=38269&amp;tipo=2<\/a><\/p>\n<p><strong>\u00a0<\/strong><\/p>\n","protected":false},"excerpt":{"rendered":"<p>&nbsp; El presidente Rafael Correa cumple hoy nueve a\u00f1os de haber asumido el poder y entra a la recta final de su Gobierno. Persiguiendo la promesa que hiciera cuando a\u00fan era candidato (&#8220;Vamos a cambiarlo todo&#8221;), el Gobierno de Correa ha extendido su inter\u00e9s a las \u00e1reas m\u00e1s diversas. La Constituci\u00f3n y un aparato legal que incluye un centenar de leyes; la Justicia y una reforma con intervenci\u00f3n de sus delegados; la econom\u00eda y la inversi\u00f3n y la deuda; las relaciones internacionales, en las que ha alcanzado puestos relevantes y cr\u00edticas sonoras; la educaci\u00f3n y la salud, rubros en los que los hospitales y escuelas pintan flamantes, pero los sistemas y colaboradores se mantienen en constante observaci\u00f3n; los derechos humanos, que se dicen reivindicados y se dicen atropellados; y la comunicaci\u00f3n, el m\u00e1s sensible de sus legados. (I) &nbsp; Fuente: http:\/\/expreso.ec\/expreso\/plantillas\/nota.aspx?idart=8818059&amp;idcat=38269&amp;tipo=2 \u00a0<\/p>\n","protected":false},"author":1,"featured_media":237114,"comment_status":"open","ping_status":"open","sticky":false,"template":"","format":"standard","meta":[],"categories":[54,40],"tags":[],"_links":{"self":[{"href":"https:\/\/www.ecuadortimes.net\/es\/wp-json\/wp\/v2\/posts\/237113"}],"collection":[{"href":"https:\/\/www.ecuadortimes.net\/es\/wp-json\/wp\/v2\/posts"}],"about":[{"href":"https:\/\/www.ecuadortimes.net\/es\/wp-json\/wp\/v2\/types\/post"}],"author":[{"embeddable":true,"href":"https:\/\/www.ecuadortimes.net\/es\/wp-json\/wp\/v2\/users\/1"}],"replies":[{"embeddable":true,"href":"https:\/\/www.ecuadortimes.net\/es\/wp-json\/wp\/v2\/comments?post=237113"}],"version-history":[{"count":0,"href":"https:\/\/www.ecuadortimes.net\/es\/wp-json\/wp\/v2\/posts\/237113\/revisions"}],"wp:featuredmedia":[{"embeddable":true,"href":"https:\/\/www.ecuadortimes.net\/es\/wp-json\/wp\/v2\/media\/237114"}],"wp:attachment":[{"href":"https:\/\/www.ecuadortimes.net\/es\/wp-json\/wp\/v2\/media?parent=237113"}],"wp:term":[{"taxonomy":"category","embeddable":true,"href":"https:\/\/www.ecuadortimes.net\/es\/wp-json\/wp\/v2\/categories?post=237113"},{"taxonomy":"post_tag","embeddable":true,"href":"https:\/\/www.ecuadortimes.net\/es\/wp-json\/wp\/v2\/tags?post=237113"}],"curies":[{"name":"wp","href":"https:\/\/api.w.org\/{rel}","templated":true}]}}