{"id":237119,"date":"2016-01-15T00:00:00","date_gmt":"2016-01-15T00:00:00","guid":{"rendered":"https:\/\/www.ecuadortimes.net\/es\/cuatro-sectores-tuvieron-menos-demanda-laboral-a-fines-de-2015\/"},"modified":"2016-01-15T00:00:00","modified_gmt":"2016-01-15T00:00:00","slug":"cuatro-sectores-tuvieron-menos-demanda-laboral-a-fines-de-2015","status":"publish","type":"post","link":"https:\/\/www.ecuadortimes.net\/es\/cuatro-sectores-tuvieron-menos-demanda-laboral-a-fines-de-2015\/","title":{"rendered":"Cuatro sectores tuvieron menos demanda laboral a fines de 2015"},"content":{"rendered":"<p>&nbsp;<\/p>\n<p style=\"text-align: justify;\">Cuatro sectores presentaron cifras negativas en la demanda laboral en el \u00faltimo trimestre del 2015. As\u00ed lo revela el \u00faltimo estudio de opini\u00f3n empresarial del <strong>Banco Central del Ecuador (BCE)<\/strong>. Hoy se publican las cifras de empleo del cuarto trimestre.<\/p>\n<p style=\"text-align: justify;\">\n<p style=\"text-align: justify;\">El documento, con datos a noviembre y una proyecci\u00f3n a diciembre, recoge informaci\u00f3n de 983 empresas de las \u00e1reas de industrias, servicios, construcci\u00f3n y comercio.<\/p>\n<p style=\"text-align: justify;\">\n<p style=\"text-align: justify;\">Como parte del estudio se pregunt\u00f3 a los representantes de las empresas si la n\u00f3mina aument\u00f3, se mantuvo o baj\u00f3 ese mes y cu\u00e1l es su proyecci\u00f3n para el siguiente mes.<\/p>\n<p style=\"text-align: justify;\">\n<p style=\"text-align: justify;\">Hist\u00f3ricamente, el \u00faltimo trimestre del a\u00f1o registra mejores cifras de empleo debido a la dinamizaci\u00f3n de la econom\u00eda. Las cifras del BCE muestran que hasta 2013 la demanda de empleo crec\u00eda en esa \u00e9poca en la mayor\u00eda de \u00e1reas.<\/p>\n<p style=\"text-align: justify;\">\n<p style=\"text-align: justify;\">Para el 2014 las cifras comenzaron a variar y el a\u00f1o pasado la baja de la demanda laboral fue para todas las \u00e1reas, producto de una desaceleraci\u00f3n econ\u00f3mica. (I)<\/p>\n<p>&nbsp;<\/p>\n<p>Fuente: <a href=\"http:\/\/www.elcomercio.com\/actualidad\/sectores-disminuyeron-demanda-laboral-2015.html\">http:\/\/www.elcomercio.com\/actualidad\/sectores-disminuyeron-demanda-laboral-2015.html<\/a><\/p>\n","protected":false},"excerpt":{"rendered":"<p>&nbsp; Cuatro sectores presentaron cifras negativas en la demanda laboral en el \u00faltimo trimestre del 2015. As\u00ed lo revela el \u00faltimo estudio de opini\u00f3n empresarial del Banco Central del Ecuador (BCE). Hoy se publican las cifras de empleo del cuarto trimestre. El documento, con datos a noviembre y una proyecci\u00f3n a diciembre, recoge informaci\u00f3n de 983 empresas de las \u00e1reas de industrias, servicios, construcci\u00f3n y comercio. Como parte del estudio se pregunt\u00f3 a los representantes de las empresas si la n\u00f3mina aument\u00f3, se mantuvo o baj\u00f3 ese mes y cu\u00e1l es su proyecci\u00f3n para el siguiente mes. Hist\u00f3ricamente, el \u00faltimo trimestre del a\u00f1o registra mejores cifras de empleo debido a la dinamizaci\u00f3n de la econom\u00eda. Las cifras del BCE muestran que hasta 2013 la demanda de empleo crec\u00eda en esa \u00e9poca en la mayor\u00eda de \u00e1reas. Para el 2014 las cifras comenzaron a variar y el a\u00f1o pasado la baja de la demanda laboral fue para todas las \u00e1reas, producto de una desaceleraci\u00f3n econ\u00f3mica. (I) &nbsp; Fuente: http:\/\/www.elcomercio.com\/actualidad\/sectores-disminuyeron-demanda-laboral-2015.html<\/p>\n","protected":false},"author":1,"featured_media":0,"comment_status":"open","ping_status":"open","sticky":false,"template":"","format":"standard","meta":[],"categories":[54,43],"tags":[],"_links":{"self":[{"href":"https:\/\/www.ecuadortimes.net\/es\/wp-json\/wp\/v2\/posts\/237119"}],"collection":[{"href":"https:\/\/www.ecuadortimes.net\/es\/wp-json\/wp\/v2\/posts"}],"about":[{"href":"https:\/\/www.ecuadortimes.net\/es\/wp-json\/wp\/v2\/types\/post"}],"author":[{"embeddable":true,"href":"https:\/\/www.ecuadortimes.net\/es\/wp-json\/wp\/v2\/users\/1"}],"replies":[{"embeddable":true,"href":"https:\/\/www.ecuadortimes.net\/es\/wp-json\/wp\/v2\/comments?post=237119"}],"version-history":[{"count":0,"href":"https:\/\/www.ecuadortimes.net\/es\/wp-json\/wp\/v2\/posts\/237119\/revisions"}],"wp:attachment":[{"href":"https:\/\/www.ecuadortimes.net\/es\/wp-json\/wp\/v2\/media?parent=237119"}],"wp:term":[{"taxonomy":"category","embeddable":true,"href":"https:\/\/www.ecuadortimes.net\/es\/wp-json\/wp\/v2\/categories?post=237119"},{"taxonomy":"post_tag","embeddable":true,"href":"https:\/\/www.ecuadortimes.net\/es\/wp-json\/wp\/v2\/tags?post=237119"}],"curies":[{"name":"wp","href":"https:\/\/api.w.org\/{rel}","templated":true}]}}