{"id":237122,"date":"2016-01-15T00:00:00","date_gmt":"2016-01-15T00:00:00","guid":{"rendered":"https:\/\/www.ecuadortimes.net\/es\/nos-estamos-pareciendo-bastante-mas-a-venezuela-segun-exministro\/"},"modified":"2016-01-15T00:00:00","modified_gmt":"2016-01-15T00:00:00","slug":"nos-estamos-pareciendo-bastante-mas-a-venezuela-segun-exministro","status":"publish","type":"post","link":"https:\/\/www.ecuadortimes.net\/es\/nos-estamos-pareciendo-bastante-mas-a-venezuela-segun-exministro\/","title":{"rendered":"&#8220;Nos estamos pareciendo bastante m\u00e1s a Venezuela&#8221;, seg\u00fan exministro"},"content":{"rendered":"<p><iframe loading=\"lazy\" src=\"https:\/\/www.youtube.com\/embed\/nI6gZONPoNY\" width=\"420\" height=\"315\" frameborder=\"0\" allowfullscreen=\"allowfullscreen\"><\/iframe><\/p>\n<h2><\/h2>\n<p style=\"text-align: justify;\">El ex<strong>ministro Mauricio Pozo<\/strong> dijo en una entrevista para Ecuavisa que &#8220;nosotros nos estamos pareciendo bastante m\u00e1s a Venezuela que a los otros pa\u00edses vecinos o Chile&#8221;, esto en referencia a la similitud de la crisis econ\u00f3mica que vive la econom\u00eda ecuatoriana tras el desplome de los precios del petr\u00f3leo.<\/p>\n<p style=\"text-align: justify;\">&#8220;Vivir con tarjeta de cr\u00e9dito y decir que eso sale de alg\u00fan lado, y en el caso de la persona que no se cancele esa operaci\u00f3n me parece una barbaridad. La tarjeta de cr\u00e9dito tiene que pagarse en alg\u00fan momento&#8221;.<\/p>\n<p>&nbsp;<\/p>\n<p style=\"text-align: justify;\">Seg\u00fan Pozo, &#8220;el Gobierno lo que ha hecho para financiar el hueco que se present\u00f3 en diciembre del a\u00f1o anterior, lo que no ha sido nada diferente a lo que ha venido haciendo en el per\u00edodo previo, es decir endeudarse m\u00e1s, contratando obligaciones en condiciones absolutamente onerosas, traspasar el problema para adelante, y ahora en enero nos encontramos en una situaci\u00f3n muy complicada porque el programa econ\u00f3mico no se hace presente&#8221;.<\/p>\n<p style=\"text-align: justify;\">Para el exministro un programa econ\u00f3mico no es recibir plata del exterior, endeudarse, recibir plata de impuestos y gastarse todo. Un programa econ\u00f3mico -dijo- es tener objetivos, metas, instrumentos, hacer reformas, buscar acuerdos internacionales, tener acuerdos con acreedores en condiciones adecuadas.. &#8220;y no tener un pa\u00eds con recesi\u00f3n econ\u00f3mica el a\u00f1o previo, con recesi\u00f3n econ\u00f3mica el 2016 y muy probablemente el 2017 se repita el problema, porque el gobierno que asuma -sea el que sea- va a tener que tomar decisiones, y estas tendr\u00e1n un costo&#8221;. (I)<\/p>\n","protected":false},"excerpt":{"rendered":"<p>El exministro Mauricio Pozo dijo en una entrevista para Ecuavisa que &#8220;nosotros nos estamos pareciendo bastante m\u00e1s a Venezuela que a los otros pa\u00edses vecinos o Chile&#8221;, esto en referencia a la similitud de la crisis econ\u00f3mica que vive la econom\u00eda ecuatoriana tras el desplome de los precios del petr\u00f3leo. &#8220;Vivir con tarjeta de cr\u00e9dito y decir que eso sale de alg\u00fan lado, y en el caso de la persona que no se cancele esa operaci\u00f3n me parece una barbaridad. La tarjeta de cr\u00e9dito tiene que pagarse en alg\u00fan momento&#8221;. &nbsp; Seg\u00fan Pozo, &#8220;el Gobierno lo que ha hecho para financiar el hueco que se present\u00f3 en diciembre del a\u00f1o anterior, lo que no ha sido nada diferente a lo que ha venido haciendo en el per\u00edodo previo, es decir endeudarse m\u00e1s, contratando obligaciones en condiciones absolutamente onerosas, traspasar el problema para adelante, y ahora en enero nos encontramos en una situaci\u00f3n muy complicada porque el programa econ\u00f3mico no se hace presente&#8221;. Para el exministro un programa econ\u00f3mico no es recibir plata del exterior, endeudarse, recibir plata de impuestos y gastarse todo. Un programa econ\u00f3mico -dijo- es tener objetivos, metas, instrumentos, hacer reformas, buscar acuerdos internacionales, tener acuerdos con acreedores en condiciones adecuadas.. &#8220;y no tener un pa\u00eds con recesi\u00f3n econ\u00f3mica el a\u00f1o previo, con recesi\u00f3n econ\u00f3mica el 2016 y muy probablemente el 2017 se repita el problema, porque el gobierno que asuma -sea el que sea- va a tener que tomar decisiones, y estas tendr\u00e1n un costo&#8221;. (I)<\/p>\n","protected":false},"author":1,"featured_media":0,"comment_status":"open","ping_status":"open","sticky":false,"template":"","format":"standard","meta":[],"categories":[54,40],"tags":[],"_links":{"self":[{"href":"https:\/\/www.ecuadortimes.net\/es\/wp-json\/wp\/v2\/posts\/237122"}],"collection":[{"href":"https:\/\/www.ecuadortimes.net\/es\/wp-json\/wp\/v2\/posts"}],"about":[{"href":"https:\/\/www.ecuadortimes.net\/es\/wp-json\/wp\/v2\/types\/post"}],"author":[{"embeddable":true,"href":"https:\/\/www.ecuadortimes.net\/es\/wp-json\/wp\/v2\/users\/1"}],"replies":[{"embeddable":true,"href":"https:\/\/www.ecuadortimes.net\/es\/wp-json\/wp\/v2\/comments?post=237122"}],"version-history":[{"count":0,"href":"https:\/\/www.ecuadortimes.net\/es\/wp-json\/wp\/v2\/posts\/237122\/revisions"}],"wp:attachment":[{"href":"https:\/\/www.ecuadortimes.net\/es\/wp-json\/wp\/v2\/media?parent=237122"}],"wp:term":[{"taxonomy":"category","embeddable":true,"href":"https:\/\/www.ecuadortimes.net\/es\/wp-json\/wp\/v2\/categories?post=237122"},{"taxonomy":"post_tag","embeddable":true,"href":"https:\/\/www.ecuadortimes.net\/es\/wp-json\/wp\/v2\/tags?post=237122"}],"curies":[{"name":"wp","href":"https:\/\/api.w.org\/{rel}","templated":true}]}}