{"id":237129,"date":"2016-01-16T00:00:00","date_gmt":"2016-01-16T00:00:00","guid":{"rendered":"https:\/\/www.ecuadortimes.net\/es\/vinculados-en-caso-fondo-global-fueron-sobreseidos\/"},"modified":"2016-01-16T00:00:00","modified_gmt":"2016-01-16T00:00:00","slug":"vinculados-en-caso-fondo-global-fueron-sobreseidos","status":"publish","type":"post","link":"https:\/\/www.ecuadortimes.net\/es\/vinculados-en-caso-fondo-global-fueron-sobreseidos\/","title":{"rendered":"Vinculados en caso Fondo Global fueron sobrese\u00eddos"},"content":{"rendered":"<p style=\"text-align: justify;\"><img loading=\"lazy\" class=\"wp-image-172246 aligncenter\" src=\"https:\/\/www.ecuadortimes.net\/es\/wp-content\/uploads\/2016\/01\/FONDO_GLOBAL_ECUADORTIMES.NET_-300x201.jpg\" alt=\"FONDO_GLOBAL_ECUADORTIMES.NET\" width=\"558\" height=\"363\" \/><\/p>\n<p style=\"text-align: justify;\">\n<p style=\"text-align: justify;\">La jueza de Garant\u00edas Penales del Guayas, Mar\u00eda Jaramillo, determin\u00f3 que los indicios presentados por la Fiscal\u00eda son insuficientes para llamar a juicio a los cuatro involucrados en el caso conocido como Fondo Global de Construcciones.<\/p>\n<p style=\"text-align: justify;\">Se trata de un proceso por supuesto lavado de activos que la Fiscal\u00eda investig\u00f3 desde el 2013, debido a posibles irregularidades en las exportaciones que esa empresa realiz\u00f3 a Venezuela usando el sistema Sucre.<\/p>\n<p style=\"text-align: justify;\">En una audiencia p\u00fablica realizada el lunes pasado, la jueza sobresey\u00f3 a Luis S\u00e1nchez Y\u00e1nez, \u00c3\u0081lvaro Pulido Vargas, Luis Z\u00fa\u00f1iga Burneo y Amir Nassar Tayupe. El fiscal \u00c3\u0089dgar Escobar plante\u00f3 la apelaci\u00f3n.<\/p>\n<p style=\"text-align: justify;\">Seg\u00fan la investigaci\u00f3n fiscal, Fondo Global recibi\u00f3 $ 159,9 millones de Elm Import (de Venezuela), pero la ecuatoriana envi\u00f3 mercader\u00eda por $ 3,1 millones. Jorge Zavala Egas, abogado de los imputados, dijo que Elm Import dio el dinero como adelanto y que eso es legal.<\/p>\n<p style=\"text-align: justify;\">Zavala a\u00f1adi\u00f3 que el dinero de Fondo Global que las autoridades judiciales retuvieron al inicio del proceso no ha sido liberado, puesto que a\u00fan falta resolver la apelaci\u00f3n que plante\u00f3 la Fiscal\u00eda. Seg\u00fan Zavala, $ 57 millones est\u00e1n en el Banco Central del Ecuador y $ 10 millones en dos bancos privados. Tambi\u00e9n est\u00e1n retenidos m\u00e1quinarias, veh\u00edculos y mercader\u00eda de la empresa. (I)<\/p>\n<p style=\"text-align: justify;\">\n<p style=\"text-align: justify;\">Fuente: <a href=\"http:\/\/www.eluniverso.com\/noticias\/2016\/01\/16\/nota\/5346448\/vinculados-caso-fondo-global-fueron-sobreseidos\" target=\"_blank\" rel=\"noopener noreferrer\">http:\/\/www.eluniverso.com\/noticias\/2016\/01\/16\/nota\/5346448\/vinculados-caso-fondo-global-fueron-sobreseidos<\/a><\/p>\n","protected":false},"excerpt":{"rendered":"<p>La jueza de Garant\u00edas Penales del Guayas, Mar\u00eda Jaramillo, determin\u00f3 que los indicios presentados por la Fiscal\u00eda son insuficientes para llamar a juicio a los cuatro involucrados en el caso conocido como Fondo Global de Construcciones. Se trata de un proceso por supuesto lavado de activos que la Fiscal\u00eda investig\u00f3 desde el 2013, debido a posibles irregularidades en las exportaciones que esa empresa realiz\u00f3 a Venezuela usando el sistema Sucre. En una audiencia p\u00fablica realizada el lunes pasado, la jueza sobresey\u00f3 a Luis S\u00e1nchez Y\u00e1nez, \u00c3\u0081lvaro Pulido Vargas, Luis Z\u00fa\u00f1iga Burneo y Amir Nassar Tayupe. El fiscal \u00c3\u0089dgar Escobar plante\u00f3 la apelaci\u00f3n. Seg\u00fan la investigaci\u00f3n fiscal, Fondo Global recibi\u00f3 $ 159,9 millones de Elm Import (de Venezuela), pero la ecuatoriana envi\u00f3 mercader\u00eda por $ 3,1 millones. Jorge Zavala Egas, abogado de los imputados, dijo que Elm Import dio el dinero como adelanto y que eso es legal. Zavala a\u00f1adi\u00f3 que el dinero de Fondo Global que las autoridades judiciales retuvieron al inicio del proceso no ha sido liberado, puesto que a\u00fan falta resolver la apelaci\u00f3n que plante\u00f3 la Fiscal\u00eda. Seg\u00fan Zavala, $ 57 millones est\u00e1n en el Banco Central del Ecuador y $ 10 millones en dos bancos privados. Tambi\u00e9n est\u00e1n retenidos m\u00e1quinarias, veh\u00edculos y mercader\u00eda de la empresa. (I) Fuente: http:\/\/www.eluniverso.com\/noticias\/2016\/01\/16\/nota\/5346448\/vinculados-caso-fondo-global-fueron-sobreseidos<\/p>\n","protected":false},"author":1,"featured_media":237130,"comment_status":"open","ping_status":"open","sticky":false,"template":"","format":"standard","meta":[],"categories":[54,32],"tags":[],"_links":{"self":[{"href":"https:\/\/www.ecuadortimes.net\/es\/wp-json\/wp\/v2\/posts\/237129"}],"collection":[{"href":"https:\/\/www.ecuadortimes.net\/es\/wp-json\/wp\/v2\/posts"}],"about":[{"href":"https:\/\/www.ecuadortimes.net\/es\/wp-json\/wp\/v2\/types\/post"}],"author":[{"embeddable":true,"href":"https:\/\/www.ecuadortimes.net\/es\/wp-json\/wp\/v2\/users\/1"}],"replies":[{"embeddable":true,"href":"https:\/\/www.ecuadortimes.net\/es\/wp-json\/wp\/v2\/comments?post=237129"}],"version-history":[{"count":0,"href":"https:\/\/www.ecuadortimes.net\/es\/wp-json\/wp\/v2\/posts\/237129\/revisions"}],"wp:featuredmedia":[{"embeddable":true,"href":"https:\/\/www.ecuadortimes.net\/es\/wp-json\/wp\/v2\/media\/237130"}],"wp:attachment":[{"href":"https:\/\/www.ecuadortimes.net\/es\/wp-json\/wp\/v2\/media?parent=237129"}],"wp:term":[{"taxonomy":"category","embeddable":true,"href":"https:\/\/www.ecuadortimes.net\/es\/wp-json\/wp\/v2\/categories?post=237129"},{"taxonomy":"post_tag","embeddable":true,"href":"https:\/\/www.ecuadortimes.net\/es\/wp-json\/wp\/v2\/tags?post=237129"}],"curies":[{"name":"wp","href":"https:\/\/api.w.org\/{rel}","templated":true}]}}