{"id":237139,"date":"2016-01-16T00:00:00","date_gmt":"2016-01-16T00:00:00","guid":{"rendered":"https:\/\/www.ecuadortimes.net\/es\/gobierno-nacional-subastara-regalos-para-obras-de-beneficencia\/"},"modified":"2016-01-16T00:00:00","modified_gmt":"2016-01-16T00:00:00","slug":"gobierno-nacional-subastara-regalos-para-obras-de-beneficencia","status":"publish","type":"post","link":"https:\/\/www.ecuadortimes.net\/es\/gobierno-nacional-subastara-regalos-para-obras-de-beneficencia\/","title":{"rendered":"Gobierno Nacional subastar\u00e1 regalos para obras de beneficencia"},"content":{"rendered":"<p style=\"text-align: justify;\"><img loading=\"lazy\" class=\"wp-image-172262 aligncenter\" src=\"https:\/\/www.ecuadortimes.net\/es\/wp-content\/uploads\/2016\/01\/BENEFICENCIA_GOBIERNO_ECUADORTIMES.NET_-216x300.jpg\" alt=\"BENEFICENCIA_GOBIERNO_ECUADORTIMES.NET\" width=\"382\" height=\"474\" \/><\/p>\n<p style=\"text-align: justify;\">\n<p style=\"text-align: justify;\">Los regalos o presentes que reciban las instituciones de la administraci\u00f3n p\u00fablica central ser\u00e1n considerados como patrimonio de la entidad y podr\u00e1n ser rematados para obras de beneficencia.<\/p>\n<p style=\"text-align: justify;\">De acuerdo con el decreto 870, suscrito el lunes pasado por el presidente Rafael Correa, dichos regalos podr\u00e1n ser rematados y los valores obtenidos se destinar\u00e1n a la beneficencia.<\/p>\n<p style=\"text-align: justify;\">Mientras, aquellos que tengan un valor hist\u00f3rico deber\u00e1n ser entregados al Instituto Nacional de Patrimonio Cultural (INPC). (I)<\/p>\n<p style=\"text-align: justify;\">\n<p style=\"text-align: justify;\">Fuente: <a href=\"http:\/\/www.eluniverso.com\/noticias\/2016\/01\/16\/nota\/5346454\/regimen-subastara-regalos-obras\" target=\"_blank\" rel=\"noopener noreferrer\">http:\/\/www.eluniverso.com\/noticias\/2016\/01\/16\/nota\/5346454\/regimen-subastara-regalos-obras<\/a><\/p>\n","protected":false},"excerpt":{"rendered":"<p>Los regalos o presentes que reciban las instituciones de la administraci\u00f3n p\u00fablica central ser\u00e1n considerados como patrimonio de la entidad y podr\u00e1n ser rematados para obras de beneficencia. De acuerdo con el decreto 870, suscrito el lunes pasado por el presidente Rafael Correa, dichos regalos podr\u00e1n ser rematados y los valores obtenidos se destinar\u00e1n a la beneficencia. Mientras, aquellos que tengan un valor hist\u00f3rico deber\u00e1n ser entregados al Instituto Nacional de Patrimonio Cultural (INPC). (I) Fuente: http:\/\/www.eluniverso.com\/noticias\/2016\/01\/16\/nota\/5346454\/regimen-subastara-regalos-obras<\/p>\n","protected":false},"author":1,"featured_media":237140,"comment_status":"open","ping_status":"open","sticky":false,"template":"","format":"standard","meta":[],"categories":[54,32,35],"tags":[],"_links":{"self":[{"href":"https:\/\/www.ecuadortimes.net\/es\/wp-json\/wp\/v2\/posts\/237139"}],"collection":[{"href":"https:\/\/www.ecuadortimes.net\/es\/wp-json\/wp\/v2\/posts"}],"about":[{"href":"https:\/\/www.ecuadortimes.net\/es\/wp-json\/wp\/v2\/types\/post"}],"author":[{"embeddable":true,"href":"https:\/\/www.ecuadortimes.net\/es\/wp-json\/wp\/v2\/users\/1"}],"replies":[{"embeddable":true,"href":"https:\/\/www.ecuadortimes.net\/es\/wp-json\/wp\/v2\/comments?post=237139"}],"version-history":[{"count":0,"href":"https:\/\/www.ecuadortimes.net\/es\/wp-json\/wp\/v2\/posts\/237139\/revisions"}],"wp:featuredmedia":[{"embeddable":true,"href":"https:\/\/www.ecuadortimes.net\/es\/wp-json\/wp\/v2\/media\/237140"}],"wp:attachment":[{"href":"https:\/\/www.ecuadortimes.net\/es\/wp-json\/wp\/v2\/media?parent=237139"}],"wp:term":[{"taxonomy":"category","embeddable":true,"href":"https:\/\/www.ecuadortimes.net\/es\/wp-json\/wp\/v2\/categories?post=237139"},{"taxonomy":"post_tag","embeddable":true,"href":"https:\/\/www.ecuadortimes.net\/es\/wp-json\/wp\/v2\/tags?post=237139"}],"curies":[{"name":"wp","href":"https:\/\/api.w.org\/{rel}","templated":true}]}}