{"id":237147,"date":"2016-01-17T00:00:00","date_gmt":"2016-01-17T00:00:00","guid":{"rendered":"https:\/\/www.ecuadortimes.net\/es\/correa-dice-que-no-tiene-de-que-arrepentirse-que-lo-ha-hecho-muy-bien\/"},"modified":"2016-01-17T00:00:00","modified_gmt":"2016-01-17T00:00:00","slug":"correa-dice-que-no-tiene-de-que-arrepentirse-que-lo-ha-hecho-muy-bien","status":"publish","type":"post","link":"https:\/\/www.ecuadortimes.net\/es\/correa-dice-que-no-tiene-de-que-arrepentirse-que-lo-ha-hecho-muy-bien\/","title":{"rendered":"Correa dice que no tiene de qu\u00e9 arrepentirse, que lo ha hecho muy bien"},"content":{"rendered":"<p><img loading=\"lazy\" class=\"wp-image-172280 aligncenter\" src=\"https:\/\/www.ecuadortimes.net\/es\/wp-content\/uploads\/2016\/01\/BUEN_GOBIERNO_RAFAEL_CORREA_ECUADORTIMES.NET_-300x189.jpg\" alt=\"BUEN_GOBIERNO_RAFAEL_CORREA_ECUADORTIMES.NET\" width=\"497\" height=\"366\" \/><\/p>\n<p>&nbsp;<\/p>\n<p>Es imposible\u009d negar que <span class=\"classCadenaBusqueda\">Ecuador<\/span> cambi\u00f3 para bien\u009d, asegur\u00f3 el presidente ecuatoriano, Rafael Correa, quien hoy cumple nueve a\u00f1os consecutivos en el poder con su proyecto pol\u00edtico, denominado la Revoluci\u00f3n Ciudadana\u009d.<\/p>\n<p>Antes de iniciar una reuni\u00f3n con sus ministros, Correa dijo que es imposible\u009d negar el cambio pese a la mezquindad de la pol\u00edtica ecuatoriana\u009d.<\/p>\n<p>Y seguiremos construyendo. Hemos aprovechado muy bien los vientos a favor, la mar en calma. Ahora los vientos est\u00e1n un poco m\u00e1s encontrados, la mar un poco m\u00e1s agitada, quieren acobardar al pueblo ecuatoriano, nos quieren aturdir y nos quieren confundir, pero as\u00ed tambi\u00e9n se forman las naciones y se forjan, saldremos adelante\u009d, puntualiz\u00f3, seg\u00fan el portal oficial El Ciudadano.<\/p>\n<p>\u00c3\u0089sta es la Revoluci\u00f3n de la alegr\u00eda, por eso, dejemos la amargura a quienes no nos pueden vencer en las urnas\u009d, dijo Correa, quien celebrar\u00e1 este s\u00e1bado, con una concentraci\u00f3n en la ciudad costera de Guayaquil, el noveno aniversario de su Gobierno.<\/p>\n<p>Correa, quien dejar\u00e1 el poder en 2017, a\u00f1adi\u00f3 que los \u00faltimos meses de Gobierno tiene en la agenda de sus principales tareas acelerar a fondo para terminar las obras estructurales que el pa\u00eds necesita.<\/p>\n<p>Mencion\u00f3, adem\u00e1s, la necesidad de garantizar la continuaci\u00f3n de este proyecto, con una nueva y esplendorosa victoria electoral en enero de 2017\u009d, indic\u00f3 El Ciudadano.<\/p>\n<p>Aunque una reciente modificaci\u00f3n a la Constituci\u00f3n permite la reelecci\u00f3n indefinida de cargos de elecci\u00f3n popular, tambi\u00e9n incluy\u00f3 una disposici\u00f3n transitoria que impide postular en 2017 a quienes han ejercido el cargo por dos per\u00edodos consecutivos, como es el caso de Correa.<\/p>\n<p>Ning\u00fan gobernante ha estado tanto tiempo en funciones y ninguno ha tenido tantos ingresos en la historia republicana. Lamentablemente, Correa no estuvo a la altura del reto que le plante\u00f3 la historia\u009d, opin\u00f3 Acosta, que se alej\u00f3 del Gobierno hace varios a\u00f1os.<\/p>\n<p>Apunt\u00f3 que a la luz de los resultados, sin negar los avances sobre todo en obra p\u00fablica, resulta frustrante revisar lo realizado en comparaci\u00f3n con lo que sintetizaba el Plan de Gobierno de Alianza Pa\u00eds, elaborado en el 2006, y plasmado en la Constituci\u00f3n de Montecristi\u009d. EFE (I)<\/p>\n<p>&nbsp;<\/p>\n<p><strong>Fuente:<\/strong> <a href=\"http:\/\/www.larepublica.ec\/blog\/politica\/2016\/01\/15\/correa-dice-tiene-arrepentirse-hecho-muy-bien\/#prettyPhoto\" target=\"_blank\" rel=\"noopener noreferrer\">http:\/\/www.larepublica.ec\/blog\/politica\/2016\/01\/15\/correa-dice-tiene-arrepentirse-hecho-muy-bien\/#prettyPhoto<\/a><\/p>\n","protected":false},"excerpt":{"rendered":"<p>&nbsp; Es imposible\u009d negar que Ecuador cambi\u00f3 para bien\u009d, asegur\u00f3 el presidente ecuatoriano, Rafael Correa, quien hoy cumple nueve a\u00f1os consecutivos en el poder con su proyecto pol\u00edtico, denominado la Revoluci\u00f3n Ciudadana\u009d. Antes de iniciar una reuni\u00f3n con sus ministros, Correa dijo que es imposible\u009d negar el cambio pese a la mezquindad de la pol\u00edtica ecuatoriana\u009d. Y seguiremos construyendo. Hemos aprovechado muy bien los vientos a favor, la mar en calma. Ahora los vientos est\u00e1n un poco m\u00e1s encontrados, la mar un poco m\u00e1s agitada, quieren acobardar al pueblo ecuatoriano, nos quieren aturdir y nos quieren confundir, pero as\u00ed tambi\u00e9n se forman las naciones y se forjan, saldremos adelante\u009d, puntualiz\u00f3, seg\u00fan el portal oficial El Ciudadano. \u00c3\u0089sta es la Revoluci\u00f3n de la alegr\u00eda, por eso, dejemos la amargura a quienes no nos pueden vencer en las urnas\u009d, dijo Correa, quien celebrar\u00e1 este s\u00e1bado, con una concentraci\u00f3n en la ciudad costera de Guayaquil, el noveno aniversario de su Gobierno. Correa, quien dejar\u00e1 el poder en 2017, a\u00f1adi\u00f3 que los \u00faltimos meses de Gobierno tiene en la agenda de sus principales tareas acelerar a fondo para terminar las obras estructurales que el pa\u00eds necesita. Mencion\u00f3, adem\u00e1s, la necesidad de garantizar la continuaci\u00f3n de este proyecto, con una nueva y esplendorosa victoria electoral en enero de 2017\u009d, indic\u00f3 El Ciudadano. Aunque una reciente modificaci\u00f3n a la Constituci\u00f3n permite la reelecci\u00f3n indefinida de cargos de elecci\u00f3n popular, tambi\u00e9n incluy\u00f3 una disposici\u00f3n transitoria que impide postular en 2017 a quienes han ejercido el cargo por dos per\u00edodos consecutivos, como es el caso de Correa. Ning\u00fan gobernante ha estado tanto tiempo en funciones y ninguno ha tenido tantos ingresos en la historia republicana. Lamentablemente, Correa no estuvo a la altura del reto que le plante\u00f3 la historia\u009d, opin\u00f3 Acosta, que se alej\u00f3 del Gobierno hace varios a\u00f1os. Apunt\u00f3 que a la luz de los resultados, sin negar los avances sobre todo en obra p\u00fablica, resulta frustrante revisar lo realizado en comparaci\u00f3n con lo que sintetizaba el Plan de Gobierno de Alianza Pa\u00eds, elaborado en el 2006, y plasmado en la Constituci\u00f3n de Montecristi\u009d. EFE (I) &nbsp; Fuente: http:\/\/www.larepublica.ec\/blog\/politica\/2016\/01\/15\/correa-dice-tiene-arrepentirse-hecho-muy-bien\/#prettyPhoto<\/p>\n","protected":false},"author":1,"featured_media":237148,"comment_status":"open","ping_status":"open","sticky":false,"template":"","format":"standard","meta":[],"categories":[54,32,43],"tags":[],"_links":{"self":[{"href":"https:\/\/www.ecuadortimes.net\/es\/wp-json\/wp\/v2\/posts\/237147"}],"collection":[{"href":"https:\/\/www.ecuadortimes.net\/es\/wp-json\/wp\/v2\/posts"}],"about":[{"href":"https:\/\/www.ecuadortimes.net\/es\/wp-json\/wp\/v2\/types\/post"}],"author":[{"embeddable":true,"href":"https:\/\/www.ecuadortimes.net\/es\/wp-json\/wp\/v2\/users\/1"}],"replies":[{"embeddable":true,"href":"https:\/\/www.ecuadortimes.net\/es\/wp-json\/wp\/v2\/comments?post=237147"}],"version-history":[{"count":0,"href":"https:\/\/www.ecuadortimes.net\/es\/wp-json\/wp\/v2\/posts\/237147\/revisions"}],"wp:featuredmedia":[{"embeddable":true,"href":"https:\/\/www.ecuadortimes.net\/es\/wp-json\/wp\/v2\/media\/237148"}],"wp:attachment":[{"href":"https:\/\/www.ecuadortimes.net\/es\/wp-json\/wp\/v2\/media?parent=237147"}],"wp:term":[{"taxonomy":"category","embeddable":true,"href":"https:\/\/www.ecuadortimes.net\/es\/wp-json\/wp\/v2\/categories?post=237147"},{"taxonomy":"post_tag","embeddable":true,"href":"https:\/\/www.ecuadortimes.net\/es\/wp-json\/wp\/v2\/tags?post=237147"}],"curies":[{"name":"wp","href":"https:\/\/api.w.org\/{rel}","templated":true}]}}