{"id":237151,"date":"2016-01-17T00:00:00","date_gmt":"2016-01-17T00:00:00","guid":{"rendered":"https:\/\/www.ecuadortimes.net\/es\/menor-carga-tributaria-y-confianza-el-remedio\/"},"modified":"2016-01-17T00:00:00","modified_gmt":"2016-01-17T00:00:00","slug":"menor-carga-tributaria-y-confianza-el-remedio","status":"publish","type":"post","link":"https:\/\/www.ecuadortimes.net\/es\/menor-carga-tributaria-y-confianza-el-remedio\/","title":{"rendered":"Menor carga tributaria y confianza, el remedio"},"content":{"rendered":"<p style=\"text-align: justify;\"><img loading=\"lazy\" class=\"wp-image-172287 aligncenter\" src=\"https:\/\/www.ecuadortimes.net\/es\/wp-content\/uploads\/2016\/01\/CARGA_TRIBUTARIA_ECUADORTIMES.NET_-300x252.jpeg\" alt=\"CARGA_TRIBUTARIA_ECUADORTIMES.NET\" width=\"436\" height=\"353\" \/><\/p>\n<p style=\"text-align: justify;\">\n<p style=\"text-align: justify;\">Si hay algo que pronostica que la tempestad a\u00fan no se ha marchado, es aquel pinchazo que ha desinflado a la inversi\u00f3n dom\u00e9stica, aunque la extranjera fue algo m\u00e1s generosa que de costumbre.<\/p>\n<p style=\"text-align: justify;\">Se trata de menos dinero que dejar\u00eda de inyectarse a la vena econ\u00f3mica, lo que significar\u00eda un nuevo tramo decreciente para el Producto Interno Bruto (PIB). Esto, a nivel macro, pero a nivel de empresas se traducir\u00eda en recortar empleo: otro golpe para el presupuesto de las familias.<\/p>\n<p style=\"text-align: justify;\">En el pen\u00faltimo trimestre de 2015, la ca\u00edda de lo que se conoce como FBKF (formaci\u00f3n bruta de capital fijo, la suma de la inversi\u00f3n privada y la estatal) fue del 3,2 % respecto a igual trimestre de 2014. Es decir, tanto el sector p\u00fablico como el privado detuvieron sus capitales. El aliciente es que los dineros extranjeros que aterrizaron al pa\u00eds subieron en un bondadoso 16 %, pero las cifras absolutas son a\u00fan muy humildes: 516 millones de d\u00f3lares llegaron de enero a septiembre-2015, seg\u00fan el Banco Central de Ecuador (BCE), muy lejanos a los que aterrizaron en los vecinos.<\/p>\n<p style=\"text-align: justify;\">Para salir del mal paso, de ese comprimido flujo de capitales, hace falta &#8220;un shock, pero de confianza&#8221;, as\u00ed lo indica la C\u00e1mara de Comercio de Guayaquil (CCG), pero tambi\u00e9n el exmiembro del directorio del BCE, Marco L\u00f3pez.<\/p>\n<p style=\"text-align: justify;\">Los empresarios han sido maltratados, por lo que luego se vuelve dif\u00edcil creer en nuevas afertas, aun con la nueva ley de Alianzas P\u00fablico-Privada (APP) que les ofrece ventajas tributarias. Es que, &#8220;el capital se mueve entre dos extremos: la &#8216;codicia&#8217; y el miedo&#8221;. Cuando hay incertidumbre, dice, los capitales huyen. (I)<\/p>\n<p style=\"text-align: justify;\">\n<p style=\"text-align: justify;\">Fuente: <a href=\"http:\/\/expreso.ec\/expreso\/plantillas\/nota.aspx?idart=8821490&amp;idcat=38269&amp;tipo=2\" target=\"_blank\" rel=\"noopener noreferrer\">http:\/\/expreso.ec\/expreso\/plantillas\/nota.aspx?idart=8821490&amp;idcat=38269&amp;tipo=2<\/a><\/p>\n","protected":false},"excerpt":{"rendered":"<p>Si hay algo que pronostica que la tempestad a\u00fan no se ha marchado, es aquel pinchazo que ha desinflado a la inversi\u00f3n dom\u00e9stica, aunque la extranjera fue algo m\u00e1s generosa que de costumbre. Se trata de menos dinero que dejar\u00eda de inyectarse a la vena econ\u00f3mica, lo que significar\u00eda un nuevo tramo decreciente para el Producto Interno Bruto (PIB). Esto, a nivel macro, pero a nivel de empresas se traducir\u00eda en recortar empleo: otro golpe para el presupuesto de las familias. En el pen\u00faltimo trimestre de 2015, la ca\u00edda de lo que se conoce como FBKF (formaci\u00f3n bruta de capital fijo, la suma de la inversi\u00f3n privada y la estatal) fue del 3,2 % respecto a igual trimestre de 2014. Es decir, tanto el sector p\u00fablico como el privado detuvieron sus capitales. El aliciente es que los dineros extranjeros que aterrizaron al pa\u00eds subieron en un bondadoso 16 %, pero las cifras absolutas son a\u00fan muy humildes: 516 millones de d\u00f3lares llegaron de enero a septiembre-2015, seg\u00fan el Banco Central de Ecuador (BCE), muy lejanos a los que aterrizaron en los vecinos. Para salir del mal paso, de ese comprimido flujo de capitales, hace falta &#8220;un shock, pero de confianza&#8221;, as\u00ed lo indica la C\u00e1mara de Comercio de Guayaquil (CCG), pero tambi\u00e9n el exmiembro del directorio del BCE, Marco L\u00f3pez. Los empresarios han sido maltratados, por lo que luego se vuelve dif\u00edcil creer en nuevas afertas, aun con la nueva ley de Alianzas P\u00fablico-Privada (APP) que les ofrece ventajas tributarias. Es que, &#8220;el capital se mueve entre dos extremos: la &#8216;codicia&#8217; y el miedo&#8221;. Cuando hay incertidumbre, dice, los capitales huyen. (I) Fuente: http:\/\/expreso.ec\/expreso\/plantillas\/nota.aspx?idart=8821490&amp;idcat=38269&amp;tipo=2<\/p>\n","protected":false},"author":1,"featured_media":237152,"comment_status":"open","ping_status":"open","sticky":false,"template":"","format":"standard","meta":[],"categories":[54,32,43],"tags":[],"_links":{"self":[{"href":"https:\/\/www.ecuadortimes.net\/es\/wp-json\/wp\/v2\/posts\/237151"}],"collection":[{"href":"https:\/\/www.ecuadortimes.net\/es\/wp-json\/wp\/v2\/posts"}],"about":[{"href":"https:\/\/www.ecuadortimes.net\/es\/wp-json\/wp\/v2\/types\/post"}],"author":[{"embeddable":true,"href":"https:\/\/www.ecuadortimes.net\/es\/wp-json\/wp\/v2\/users\/1"}],"replies":[{"embeddable":true,"href":"https:\/\/www.ecuadortimes.net\/es\/wp-json\/wp\/v2\/comments?post=237151"}],"version-history":[{"count":0,"href":"https:\/\/www.ecuadortimes.net\/es\/wp-json\/wp\/v2\/posts\/237151\/revisions"}],"wp:featuredmedia":[{"embeddable":true,"href":"https:\/\/www.ecuadortimes.net\/es\/wp-json\/wp\/v2\/media\/237152"}],"wp:attachment":[{"href":"https:\/\/www.ecuadortimes.net\/es\/wp-json\/wp\/v2\/media?parent=237151"}],"wp:term":[{"taxonomy":"category","embeddable":true,"href":"https:\/\/www.ecuadortimes.net\/es\/wp-json\/wp\/v2\/categories?post=237151"},{"taxonomy":"post_tag","embeddable":true,"href":"https:\/\/www.ecuadortimes.net\/es\/wp-json\/wp\/v2\/tags?post=237151"}],"curies":[{"name":"wp","href":"https:\/\/api.w.org\/{rel}","templated":true}]}}