{"id":237155,"date":"2016-01-18T00:00:00","date_gmt":"2016-01-18T00:00:00","guid":{"rendered":"https:\/\/www.ecuadortimes.net\/es\/luto-en-manabi-por-asesinato-de-migrantes-en-venezuela\/"},"modified":"2016-01-18T00:00:00","modified_gmt":"2016-01-18T00:00:00","slug":"luto-en-manabi-por-asesinato-de-migrantes-en-venezuela","status":"publish","type":"post","link":"https:\/\/www.ecuadortimes.net\/es\/luto-en-manabi-por-asesinato-de-migrantes-en-venezuela\/","title":{"rendered":"Luto en Manab\u00ed por asesinato de migrantes en Venezuela"},"content":{"rendered":"<p>&nbsp;<\/p>\n<div id=\"attachment_172294\" style=\"width: 310px\" class=\"wp-caption alignright\"><img aria-describedby=\"caption-attachment-172294\" loading=\"lazy\" class=\"size-medium wp-image-172294\" src=\"https:\/\/www.ecuadortimes.net\/es\/wp-content\/uploads\/2016\/01\/Captura-de-pantalla-2016-01-18-a-las-9.02.37-a.m.-300x232.png\" alt=\"Imagen: El Universo\" width=\"300\" height=\"232\" \/><p id=\"caption-attachment-172294\" class=\"wp-caption-text\">Imagen: El Universo<\/p><\/div>\n<p style=\"text-align: justify;\">La <strong>familia Sol\u00f3rzano Morrillo<\/strong>, en particular Temilda Morrillo, estaba conmovida con la noticia de que su hijo Yandri, al igual que su cu\u00f1ado <strong>William L\u00f3pez Anchundia<\/strong> y el hijo de este, <strong>Giovanny L\u00f3pez Castro<\/strong>, hab\u00edan sido asesinados la madrugada del pasado s\u00e1bado por un hombre que minutos antes de abrir fuego contra ellos les hab\u00eda pedido un encendedor.<\/p>\n<p style=\"text-align: justify;\">\n<p style=\"text-align: justify;\">El hecho ocurri\u00f3 en la terminal internacional de buses <strong>El Para\u00edso en la capital venezolana,<\/strong> naci\u00f3n que hace m\u00e1s de 25 a\u00f1os acogi\u00f3 a L\u00f3pez y su familia y hace ocho a Yandri. Precisamente esta familia hab\u00eda ido a la estaci\u00f3n de buses a recibir a Lourdes Moreira, esposa de Wilmer Sol\u00f3rzano, hermano de Yandri, uno de los cinco heridos que tambi\u00e9n dej\u00f3 ese ataque. (I)<\/p>\n<p>&nbsp;<\/p>\n<p>Fuente: <a href=\"http:\/\/www.eluniverso.com\/noticias\/2016\/01\/18\/nota\/5353015\/luto-manabi-asesinato-migrantes\">http:\/\/www.eluniverso.com\/noticias\/2016\/01\/18\/nota\/5353015\/luto-manabi-asesinato-migrantes<\/a><\/p>\n","protected":false},"excerpt":{"rendered":"<p>&nbsp; La familia Sol\u00f3rzano Morrillo, en particular Temilda Morrillo, estaba conmovida con la noticia de que su hijo Yandri, al igual que su cu\u00f1ado William L\u00f3pez Anchundia y el hijo de este, Giovanny L\u00f3pez Castro, hab\u00edan sido asesinados la madrugada del pasado s\u00e1bado por un hombre que minutos antes de abrir fuego contra ellos les hab\u00eda pedido un encendedor. El hecho ocurri\u00f3 en la terminal internacional de buses El Para\u00edso en la capital venezolana, naci\u00f3n que hace m\u00e1s de 25 a\u00f1os acogi\u00f3 a L\u00f3pez y su familia y hace ocho a Yandri. Precisamente esta familia hab\u00eda ido a la estaci\u00f3n de buses a recibir a Lourdes Moreira, esposa de Wilmer Sol\u00f3rzano, hermano de Yandri, uno de los cinco heridos que tambi\u00e9n dej\u00f3 ese ataque. (I) &nbsp; Fuente: http:\/\/www.eluniverso.com\/noticias\/2016\/01\/18\/nota\/5353015\/luto-manabi-asesinato-migrantes<\/p>\n","protected":false},"author":1,"featured_media":0,"comment_status":"open","ping_status":"open","sticky":false,"template":"","format":"standard","meta":[],"categories":[54,40],"tags":[],"_links":{"self":[{"href":"https:\/\/www.ecuadortimes.net\/es\/wp-json\/wp\/v2\/posts\/237155"}],"collection":[{"href":"https:\/\/www.ecuadortimes.net\/es\/wp-json\/wp\/v2\/posts"}],"about":[{"href":"https:\/\/www.ecuadortimes.net\/es\/wp-json\/wp\/v2\/types\/post"}],"author":[{"embeddable":true,"href":"https:\/\/www.ecuadortimes.net\/es\/wp-json\/wp\/v2\/users\/1"}],"replies":[{"embeddable":true,"href":"https:\/\/www.ecuadortimes.net\/es\/wp-json\/wp\/v2\/comments?post=237155"}],"version-history":[{"count":0,"href":"https:\/\/www.ecuadortimes.net\/es\/wp-json\/wp\/v2\/posts\/237155\/revisions"}],"wp:attachment":[{"href":"https:\/\/www.ecuadortimes.net\/es\/wp-json\/wp\/v2\/media?parent=237155"}],"wp:term":[{"taxonomy":"category","embeddable":true,"href":"https:\/\/www.ecuadortimes.net\/es\/wp-json\/wp\/v2\/categories?post=237155"},{"taxonomy":"post_tag","embeddable":true,"href":"https:\/\/www.ecuadortimes.net\/es\/wp-json\/wp\/v2\/tags?post=237155"}],"curies":[{"name":"wp","href":"https:\/\/api.w.org\/{rel}","templated":true}]}}