{"id":237158,"date":"2016-01-18T00:00:00","date_gmt":"2016-01-18T00:00:00","guid":{"rendered":"https:\/\/www.ecuadortimes.net\/es\/la-replica-al-discurso-oficial\/"},"modified":"2016-01-18T00:00:00","modified_gmt":"2016-01-18T00:00:00","slug":"la-replica-al-discurso-oficial","status":"publish","type":"post","link":"https:\/\/www.ecuadortimes.net\/es\/la-replica-al-discurso-oficial\/","title":{"rendered":"La r\u00e9plica al\u00a0\u00a0discurso oficial"},"content":{"rendered":"<p>&nbsp;<\/p>\n<p>Diario Expreso consult\u00f3 a opositores al gobierno\u00a0 sobre el discurso oficial y todos han coincidido en desviar la atenci\u00f3n desde el discurso presidencial hacia la realidad nacional que, se\u00f1alan,\u00a0es lo que realmente importa:\u00a0la crisis econ\u00f3mica.<\/p>\n<p><strong>\u00a0<\/strong><\/p>\n<p><strong>Las reacciones<\/strong><\/p>\n<p><strong>\u00a0<\/strong><\/p>\n<p><strong>Rosal\u00eda Arteaga. Exvicepresidenta<\/strong><\/p>\n<p><em><img loading=\"lazy\" class=\"size-medium wp-image-172312 alignright\" src=\"https:\/\/www.ecuadortimes.net\/es\/wp-content\/uploads\/2016\/01\/Captura-de-pantalla-2016-01-18-a-las-11.15.40-a.m.-300x297.png\" alt=\"Captura de pantalla 2016-01-18 a las 11.15.40 a.m.\" width=\"300\" height=\"297\" \/>\u00a0<\/em><\/p>\n<blockquote>\n<p style=\"text-align: justify;\"><em>&#8220;Una campa\u00f1a con respeto&#8221;<\/em><\/p>\n<\/blockquote>\n<p style=\"text-align: justify;\">Arteaga visualiza que &#8220;el pr\u00f3ximo a\u00f1o ser\u00e1 muy duro por el tema econ\u00f3mico, ya se siente la recesi\u00f3n y el desempleo&#8221;. Pero espera &#8220;que no sea una campa\u00f1a sucia, eso depende de quien la haga. Aspiramos a que sea limpia y con mucho respeto&#8221;.<\/p>\n<p style=\"text-align: justify;\"><strong>\u00a0<\/strong><\/p>\n<p><strong>Alberto Dahik. Exvicepresidente<\/strong><\/p>\n<p><em>\u00a0<img loading=\"lazy\" class=\"size-medium wp-image-172313 alignleft\" src=\"https:\/\/www.ecuadortimes.net\/es\/wp-content\/uploads\/2016\/01\/Captura-de-pantalla-2016-01-18-a-las-11.15.47-a.m.-300x295.png\" alt=\"Captura de pantalla 2016-01-18 a las 11.15.47 a.m.\" width=\"300\" height=\"295\" \/><\/em><\/p>\n<p><em>&#8220;Un salvataje para el pa\u00eds&#8221;<\/em><\/p>\n<p>&nbsp;<\/p>\n<p style=\"text-align: justify;\">El exvicepresidente conf\u00eda &#8220;en que el tema electoral no nos aleje de lo fundamental: evitar que la crisis se agrave&#8221;. Para ello recomienda &#8220;empezar ya, m\u00e1s all\u00e1 de los afanes electorales, un salvataje del pa\u00eds, los costos sociales ser\u00e1n terribles&#8221;.<\/p>\n<p><strong>\u00a0<\/strong><\/p>\n<p><strong>Patricio Jij\u00f3n. Izquierda Democr\u00e1tica<\/strong><\/p>\n<p><img loading=\"lazy\" class=\"size-medium wp-image-172315 alignright\" src=\"https:\/\/www.ecuadortimes.net\/es\/wp-content\/uploads\/2016\/01\/Captura-de-pantalla-2016-01-18-a-las-11.15.31-a.m.-300x294.png\" alt=\"Captura de pantalla 2016-01-18 a las 11.15.31 a.m.\" width=\"300\" height=\"294\" \/><\/p>\n<p><em>&#8220;Se siembra violencia&#8221;<\/em><\/p>\n<p>&nbsp;<\/p>\n<p style=\"text-align: justify;\">El exrepresentante de la ID acusa a &#8220;quienes han manejado de mala manera m\u00e1s de $ 300 mil millones, sin auditor\u00eda, han perdido el norte&#8221;. Y reflexiona que quien &#8220;siembra falta de democracia y violencia, cosechar\u00e1 temas delicados&#8221;.<\/p>\n<p style=\"text-align: justify;\"><strong>\u00a0<\/strong><\/p>\n<p><strong>Ra\u00fal Auquilla. CREO<\/strong><\/p>\n<p><img loading=\"lazy\" class=\"size-medium wp-image-172314 alignleft\" src=\"https:\/\/www.ecuadortimes.net\/es\/wp-content\/uploads\/2016\/01\/Captura-de-pantalla-2016-01-18-a-las-11.15.23-a.m.-300x292.png\" alt=\"Captura de pantalla 2016-01-18 a las 11.15.23 a.m.\" width=\"300\" height=\"292\" \/><\/p>\n<p><em>&#8220;Ya nadie cree al presidente&#8221;<\/em><\/p>\n<p>&nbsp;<\/p>\n<p style=\"text-align: justify;\">El asamble\u00edsta recuerda que han &#8220;soportado nueve a\u00f1os de insultos y violencia verbal, sin fundamento&#8221;. Adem\u00e1s advierte que &#8220;controlan el poder Judicial, pero tendr\u00e1n que probar sus acusaciones porque el pueblo ya no le cree al presidente&#8221;.<\/p>\n<p style=\"text-align: justify;\">\n<p><strong>Milton Gual\u00e1n. Unidad Popular<\/strong><\/p>\n<p><img loading=\"lazy\" class=\"size-medium wp-image-172316 alignright\" src=\"https:\/\/www.ecuadortimes.net\/es\/wp-content\/uploads\/2016\/01\/Captura-de-pantalla-2016-01-18-a-las-11.15.54-a.m.-300x296.png\" alt=\"Captura de pantalla 2016-01-18 a las 11.15.54 a.m.\" width=\"300\" height=\"296\" \/><\/p>\n<p><em>&#8220;Son una burla que camina&#8221;<\/em><\/p>\n<p>&nbsp;<\/p>\n<p style=\"text-align: justify;\">El legislador asegura que el discurso oficial &#8220;luce desesperado&#8221;. Y que el oficialismo se ha convertido &#8220;en una burla que camina&#8221;. Gual\u00e1n considera que &#8220;los \u00faltimos meses el corre\u00edsmo estar\u00e1 movido por el miedo a la fiscalizaci\u00f3n en 2017&#8221;.<\/p>\n<p>&nbsp;<\/p>\n<p><strong>John Argudo. Avanza<\/strong><\/p>\n<p><em>\u00a0<img loading=\"lazy\" class=\"size-medium wp-image-172317 alignleft\" src=\"https:\/\/www.ecuadortimes.net\/es\/wp-content\/uploads\/2016\/01\/Captura-de-pantalla-2016-01-18-a-las-11.16.01-a.m.-300x293.png\" alt=\"Captura de pantalla 2016-01-18 a las 11.16.01 a.m.\" width=\"300\" height=\"293\" \/><\/em><\/p>\n<p><em>&#8220;Se equivocan de estrategia&#8221;<\/em><\/p>\n<p>&nbsp;<\/p>\n<p style=\"text-align: justify;\">El vocero nacional del exaliado oficialista asegura que en PAIS &#8220;se equivocan de estrategia&#8221;. Argudo interpreta que &#8220;deber\u00edan estar buscando c\u00f3mo arreglar esta crisis econ\u00f3mica y no insistir en complicarla. Ya dejen de jugar a crear incertidumbre&#8221;.<\/p>\n<p style=\"text-align: justify;\"><strong>\u00a0<\/strong><\/p>\n<p><strong>Gilmar Guti\u00e9rrez. Sociedad Patri\u00f3tica<\/strong><\/p>\n<p><em>\u00a0<img loading=\"lazy\" class=\"size-medium wp-image-172318 alignright\" src=\"https:\/\/www.ecuadortimes.net\/es\/wp-content\/uploads\/2016\/01\/Captura-de-pantalla-2016-01-18-a-las-11.16.08-a.m.-298x300.png\" alt=\"Captura de pantalla 2016-01-18 a las 11.16.08 a.m.\" width=\"298\" height=\"300\" \/><\/em><\/p>\n<p><em>&#8220;No caeremos en su juego&#8221;<\/em><\/p>\n<p style=\"text-align: justify;\">El asamble\u00edsta acusa al presidente de lanzar &#8220;nuevas cortinas de humo&#8221; en su pronunciamiento. &#8220;Es un experto para ponernos a debatir temas que ya ha decidido. Pero no caeremos en su juego: estamos concentrados en evitar un fraude electoral&#8221;.<\/p>\n<p><strong>\u00a0<\/strong><\/p>\n<p><strong>Mois\u00e9s Tacle. Partido Social Cristiano<\/strong><\/p>\n<p><em>\u00a0<img loading=\"lazy\" class=\"size-medium wp-image-172319 alignleft\" src=\"https:\/\/www.ecuadortimes.net\/es\/wp-content\/uploads\/2016\/01\/Captura-de-pantalla-2016-01-18-a-las-11.16.14-a.m.-300x292.png\" alt=\"Captura de pantalla 2016-01-18 a las 11.16.14 a.m.\" width=\"300\" height=\"292\" \/><\/em><\/p>\n<p><em>&#8220;Es una nueva amenaza&#8221;<\/em><\/p>\n<p>&nbsp;<\/p>\n<p style=\"text-align: justify;\">El legislador socialcristiano lee el discurso oficial como &#8220;una intenci\u00f3n de callar denuncias ciudadanas. Solo es una nueva amenaza que a nadie asusta&#8221;. Y le resta importancia: &#8220;esto no es nuevo, no es grave. Grave es la crisis econ\u00f3mica&#8221;. (I)<\/p>\n<p style=\"text-align: justify;\">\n<p>Fuente:\u00a0<a href=\"http:\/\/expreso.ec\/expreso\/plantillas\/nota.aspx?idart=8823165&amp;idcat=38269&amp;tipo=2\">http:\/\/expreso.ec\/expreso\/plantillas\/nota.aspx?idart=8823165&amp;idcat=38269&amp;tipo=2<\/a><\/p>\n<p><strong>\u00a0<\/strong><\/p>\n","protected":false},"excerpt":{"rendered":"<p>&nbsp; Diario Expreso consult\u00f3 a opositores al gobierno\u00a0 sobre el discurso oficial y todos han coincidido en desviar la atenci\u00f3n desde el discurso presidencial hacia la realidad nacional que, se\u00f1alan,\u00a0es lo que realmente importa:\u00a0la crisis econ\u00f3mica. \u00a0 Las reacciones \u00a0 Rosal\u00eda Arteaga. Exvicepresidenta \u00a0 &#8220;Una campa\u00f1a con respeto&#8221; Arteaga visualiza que &#8220;el pr\u00f3ximo a\u00f1o ser\u00e1 muy duro por el tema econ\u00f3mico, ya se siente la recesi\u00f3n y el desempleo&#8221;. Pero espera &#8220;que no sea una campa\u00f1a sucia, eso depende de quien la haga. Aspiramos a que sea limpia y con mucho respeto&#8221;. \u00a0 Alberto Dahik. Exvicepresidente \u00a0 &#8220;Un salvataje para el pa\u00eds&#8221; &nbsp; El exvicepresidente conf\u00eda &#8220;en que el tema electoral no nos aleje de lo fundamental: evitar que la crisis se agrave&#8221;. Para ello recomienda &#8220;empezar ya, m\u00e1s all\u00e1 de los afanes electorales, un salvataje del pa\u00eds, los costos sociales ser\u00e1n terribles&#8221;. \u00a0 Patricio Jij\u00f3n. Izquierda Democr\u00e1tica &#8220;Se siembra violencia&#8221; &nbsp; El exrepresentante de la ID acusa a &#8220;quienes han manejado de mala manera m\u00e1s de $ 300 mil millones, sin auditor\u00eda, han perdido el norte&#8221;. Y reflexiona que quien &#8220;siembra falta de democracia y violencia, cosechar\u00e1 temas delicados&#8221;. \u00a0 Ra\u00fal Auquilla. CREO &#8220;Ya nadie cree al presidente&#8221; &nbsp; El asamble\u00edsta recuerda que han &#8220;soportado nueve a\u00f1os de insultos y violencia verbal, sin fundamento&#8221;. Adem\u00e1s advierte que &#8220;controlan el poder Judicial, pero tendr\u00e1n que probar sus acusaciones porque el pueblo ya no le cree al presidente&#8221;. Milton Gual\u00e1n. Unidad Popular &#8220;Son una burla que camina&#8221; &nbsp; El legislador asegura que el discurso oficial &#8220;luce desesperado&#8221;. Y que el oficialismo se ha convertido &#8220;en una burla que camina&#8221;. Gual\u00e1n considera que &#8220;los \u00faltimos meses el corre\u00edsmo estar\u00e1 movido por el miedo a la fiscalizaci\u00f3n en 2017&#8221;. &nbsp; John Argudo. Avanza \u00a0 &#8220;Se equivocan de estrategia&#8221; &nbsp; El vocero nacional del exaliado oficialista asegura que en PAIS &#8220;se equivocan de estrategia&#8221;. Argudo interpreta que &#8220;deber\u00edan estar buscando c\u00f3mo arreglar esta crisis econ\u00f3mica y no insistir en complicarla. Ya dejen de jugar a crear incertidumbre&#8221;. \u00a0 Gilmar Guti\u00e9rrez. Sociedad Patri\u00f3tica \u00a0 &#8220;No caeremos en su juego&#8221; El asamble\u00edsta acusa al presidente de lanzar &#8220;nuevas cortinas de humo&#8221; en su pronunciamiento. &#8220;Es un experto para ponernos a debatir temas que ya ha decidido. Pero no caeremos en su juego: estamos concentrados en evitar un fraude electoral&#8221;. \u00a0 Mois\u00e9s Tacle. Partido Social Cristiano \u00a0 &#8220;Es una nueva amenaza&#8221; &nbsp; El legislador socialcristiano lee el discurso oficial como &#8220;una intenci\u00f3n de callar denuncias ciudadanas. Solo es una nueva amenaza que a nadie asusta&#8221;. Y le resta importancia: &#8220;esto no es nuevo, no es grave. Grave es la crisis econ\u00f3mica&#8221;. (I) Fuente:\u00a0http:\/\/expreso.ec\/expreso\/plantillas\/nota.aspx?idart=8823165&amp;idcat=38269&amp;tipo=2 \u00a0<\/p>\n","protected":false},"author":1,"featured_media":237159,"comment_status":"open","ping_status":"open","sticky":false,"template":"","format":"standard","meta":[],"categories":[54,40],"tags":[],"_links":{"self":[{"href":"https:\/\/www.ecuadortimes.net\/es\/wp-json\/wp\/v2\/posts\/237158"}],"collection":[{"href":"https:\/\/www.ecuadortimes.net\/es\/wp-json\/wp\/v2\/posts"}],"about":[{"href":"https:\/\/www.ecuadortimes.net\/es\/wp-json\/wp\/v2\/types\/post"}],"author":[{"embeddable":true,"href":"https:\/\/www.ecuadortimes.net\/es\/wp-json\/wp\/v2\/users\/1"}],"replies":[{"embeddable":true,"href":"https:\/\/www.ecuadortimes.net\/es\/wp-json\/wp\/v2\/comments?post=237158"}],"version-history":[{"count":0,"href":"https:\/\/www.ecuadortimes.net\/es\/wp-json\/wp\/v2\/posts\/237158\/revisions"}],"wp:featuredmedia":[{"embeddable":true,"href":"https:\/\/www.ecuadortimes.net\/es\/wp-json\/wp\/v2\/media\/237159"}],"wp:attachment":[{"href":"https:\/\/www.ecuadortimes.net\/es\/wp-json\/wp\/v2\/media?parent=237158"}],"wp:term":[{"taxonomy":"category","embeddable":true,"href":"https:\/\/www.ecuadortimes.net\/es\/wp-json\/wp\/v2\/categories?post=237158"},{"taxonomy":"post_tag","embeddable":true,"href":"https:\/\/www.ecuadortimes.net\/es\/wp-json\/wp\/v2\/tags?post=237158"}],"curies":[{"name":"wp","href":"https:\/\/api.w.org\/{rel}","templated":true}]}}