{"id":237161,"date":"2016-01-18T00:00:00","date_gmt":"2016-01-18T00:00:00","guid":{"rendered":"https:\/\/www.ecuadortimes.net\/es\/la-subasta-tiene-dos-vicios-de-nulidad\/"},"modified":"2016-01-18T00:00:00","modified_gmt":"2016-01-18T00:00:00","slug":"la-subasta-tiene-dos-vicios-de-nulidad","status":"publish","type":"post","link":"https:\/\/www.ecuadortimes.net\/es\/la-subasta-tiene-dos-vicios-de-nulidad\/","title":{"rendered":"&#8220;La subasta tiene dos vicios de nulidad&#8221;"},"content":{"rendered":"<p>&nbsp;<\/p>\n<p><strong><img loading=\"lazy\" class=\"size-medium wp-image-172326 alignright\" src=\"https:\/\/www.ecuadortimes.net\/es\/wp-content\/uploads\/2016\/01\/Captura-de-pantalla-2016-01-18-a-las-12.32.59-p.m.-300x294.png\" alt=\"Captura de pantalla 2016-01-18 a las 12.32.59 p.m.\" width=\"300\" height=\"294\" \/>\u00bfQu\u00e9 cambios en la subasta denuncian los laboratorios?<\/strong><\/p>\n<p style=\"text-align: justify;\">Hoy el se\u00f1or Santiago V\u00e1zquez, del Servicio de Contrataci\u00f3n P\u00fablica, est\u00e1 haciendo una sola subasta, con la farsa m\u00e1s grande. Dice &#8220;Nosotros compramos primero a los ecuatorianos&#8221;, pero un delegado de \u00e9l viaj\u00f3 a invitar a empresas de la India y China para que participen en la subasta y eso lo sabe el presidente.<\/p>\n<p><strong>Entonces, \u00bfya no se da preferencia a la industria local?<\/strong><\/p>\n<p style=\"text-align: justify;\">El se\u00f1or V\u00e1zquez hace caso omiso a un porcentaje de preferencia que se fij\u00f3 en un estudio t\u00e9cnico, que est\u00e1 en la Contralor\u00eda y que fue elaborado por el Ministerio de la Producci\u00f3n. No se lleg\u00f3 a aplicar porque se hizo la subasta con dos tramos: uno solo para empresas nacionales y otro abierto. Pero el informe daba un 38 % de preferencia y \u00e9l lo fija ahora al 17,5 %. Por eso, decimos que la subasta tiene vicios de nulidad.<\/p>\n<p style=\"text-align: justify;\"><strong>\u00bfEn qu\u00e9 puntos es nulo?<\/strong><\/p>\n<p style=\"text-align: justify;\">Uno porque el porcentaje no se sustenta en ning\u00fan estudio t\u00e9cnico. Y el otro vicio es esta subasta ciega que no est\u00e1 reglamentada. Lo est\u00e1 haciendo arbitrariamente. Antes, si usted ofertaba 100, yo ve\u00eda el porcentaje y ofertaba 99,9 % y el otro lo ve\u00eda y ofrec\u00eda 99,8 %. Ve\u00edamos los porcentajes, pero no sab\u00edamos qui\u00e9n. Hoy no vamos a saber nada. Solo se conoce si vas ganando y perdiendo. Eso destruye el aparato productivo.<\/p>\n<p style=\"text-align: justify;\"><strong>\u00bfLe da m\u00e1s ventaja a la industria extranjera?<\/strong><\/p>\n<p style=\"text-align: justify;\">Claro, tienen m\u00e1s capacidad por econom\u00eda de escala.<\/p>\n<p><strong>\u00bfEl reclamo ya es oficial?<\/strong><\/p>\n<p>Esta semana lo vamos a presentar. La subasta est\u00e1 en fase de observaciones. La puja es el 15 de febrero.<\/p>\n<p>&nbsp;<\/p>\n<p>Fuente: <a href=\"http:\/\/expreso.ec\/expreso\/plantillas\/nota.aspx?idart=8823007&amp;idcat=38229&amp;tipo=2\">http:\/\/expreso.ec\/expreso\/plantillas\/nota.aspx?idart=8823007&amp;idcat=38229&amp;tipo=2<\/a><\/p>\n","protected":false},"excerpt":{"rendered":"<p>&nbsp; \u00bfQu\u00e9 cambios en la subasta denuncian los laboratorios? Hoy el se\u00f1or Santiago V\u00e1zquez, del Servicio de Contrataci\u00f3n P\u00fablica, est\u00e1 haciendo una sola subasta, con la farsa m\u00e1s grande. Dice &#8220;Nosotros compramos primero a los ecuatorianos&#8221;, pero un delegado de \u00e9l viaj\u00f3 a invitar a empresas de la India y China para que participen en la subasta y eso lo sabe el presidente. Entonces, \u00bfya no se da preferencia a la industria local? El se\u00f1or V\u00e1zquez hace caso omiso a un porcentaje de preferencia que se fij\u00f3 en un estudio t\u00e9cnico, que est\u00e1 en la Contralor\u00eda y que fue elaborado por el Ministerio de la Producci\u00f3n. No se lleg\u00f3 a aplicar porque se hizo la subasta con dos tramos: uno solo para empresas nacionales y otro abierto. Pero el informe daba un 38 % de preferencia y \u00e9l lo fija ahora al 17,5 %. Por eso, decimos que la subasta tiene vicios de nulidad. \u00bfEn qu\u00e9 puntos es nulo? Uno porque el porcentaje no se sustenta en ning\u00fan estudio t\u00e9cnico. Y el otro vicio es esta subasta ciega que no est\u00e1 reglamentada. Lo est\u00e1 haciendo arbitrariamente. Antes, si usted ofertaba 100, yo ve\u00eda el porcentaje y ofertaba 99,9 % y el otro lo ve\u00eda y ofrec\u00eda 99,8 %. Ve\u00edamos los porcentajes, pero no sab\u00edamos qui\u00e9n. Hoy no vamos a saber nada. Solo se conoce si vas ganando y perdiendo. Eso destruye el aparato productivo. \u00bfLe da m\u00e1s ventaja a la industria extranjera? Claro, tienen m\u00e1s capacidad por econom\u00eda de escala. \u00bfEl reclamo ya es oficial? Esta semana lo vamos a presentar. La subasta est\u00e1 en fase de observaciones. La puja es el 15 de febrero. &nbsp; Fuente: http:\/\/expreso.ec\/expreso\/plantillas\/nota.aspx?idart=8823007&amp;idcat=38229&amp;tipo=2<\/p>\n","protected":false},"author":1,"featured_media":0,"comment_status":"open","ping_status":"open","sticky":false,"template":"","format":"standard","meta":[],"categories":[43],"tags":[],"_links":{"self":[{"href":"https:\/\/www.ecuadortimes.net\/es\/wp-json\/wp\/v2\/posts\/237161"}],"collection":[{"href":"https:\/\/www.ecuadortimes.net\/es\/wp-json\/wp\/v2\/posts"}],"about":[{"href":"https:\/\/www.ecuadortimes.net\/es\/wp-json\/wp\/v2\/types\/post"}],"author":[{"embeddable":true,"href":"https:\/\/www.ecuadortimes.net\/es\/wp-json\/wp\/v2\/users\/1"}],"replies":[{"embeddable":true,"href":"https:\/\/www.ecuadortimes.net\/es\/wp-json\/wp\/v2\/comments?post=237161"}],"version-history":[{"count":0,"href":"https:\/\/www.ecuadortimes.net\/es\/wp-json\/wp\/v2\/posts\/237161\/revisions"}],"wp:attachment":[{"href":"https:\/\/www.ecuadortimes.net\/es\/wp-json\/wp\/v2\/media?parent=237161"}],"wp:term":[{"taxonomy":"category","embeddable":true,"href":"https:\/\/www.ecuadortimes.net\/es\/wp-json\/wp\/v2\/categories?post=237161"},{"taxonomy":"post_tag","embeddable":true,"href":"https:\/\/www.ecuadortimes.net\/es\/wp-json\/wp\/v2\/tags?post=237161"}],"curies":[{"name":"wp","href":"https:\/\/api.w.org\/{rel}","templated":true}]}}