{"id":237164,"date":"2016-01-18T00:00:00","date_gmt":"2016-01-18T00:00:00","guid":{"rendered":"https:\/\/www.ecuadortimes.net\/es\/producto-ecuatoriano-gana-espacio-en-percha-de-autoservicios\/"},"modified":"2016-01-18T00:00:00","modified_gmt":"2016-01-18T00:00:00","slug":"producto-ecuatoriano-gana-espacio-en-percha-de-autoservicios","status":"publish","type":"post","link":"https:\/\/www.ecuadortimes.net\/es\/producto-ecuatoriano-gana-espacio-en-percha-de-autoservicios\/","title":{"rendered":"Producto ecuatoriano gana espacio en percha de autoservicios"},"content":{"rendered":"<p>&nbsp;<\/p>\n<div id=\"attachment_172333\" style=\"width: 310px\" class=\"wp-caption aligncenter\"><img aria-describedby=\"caption-attachment-172333\" loading=\"lazy\" class=\"size-medium wp-image-172333\" src=\"https:\/\/www.ecuadortimes.net\/es\/wp-content\/uploads\/2016\/01\/PRODUCTO-ECUADORTIMES-ECUADORNEWS-300x197.jpg\" alt=\"Imagen: El Universi\" width=\"300\" height=\"197\" \/><p id=\"caption-attachment-172333\" class=\"wp-caption-text\">Imagen: El Universi<\/p><\/div>\n<p style=\"text-align: justify;\">M\u00e1s mermeladas, salsas con frutos locales, harinas, galletas sin gluten, cervezas artesanales han entrado o aumentado su presencia en las perchas de los supermercados locales.<\/p>\n<p style=\"text-align: justify;\">\n<p style=\"text-align: justify;\">Parte de esto se debe, indica el intendente zonal 8 de la Superintendencia de Control de Poder de Mercado, Juan Carlos J\u00e1come, a las normas vigentes desde del 2014 que promueven la incorporaci\u00f3n de productos locales de empresas peque\u00f1as y medianas en los autoservicios.<\/p>\n<p style=\"text-align: justify;\">\n<p style=\"text-align: justify;\">Es el Manual de Buenas Pr\u00e1cticas para Supermercados, y al que en el 2015 se sumaron las Normas Regulatorias para esas cadenas y sus proveedores.<\/p>\n<p style=\"text-align: justify;\">\n<p style=\"text-align: justify;\">Seg\u00fan J\u00e1come, desde que rige el Manual de Buenas Pr\u00e1cticas hasta el 2015, nuevas empresas nacionales facturaron unos $ 293 millones en ventas a supermercados del pa\u00eds.<\/p>\n<p style=\"text-align: justify;\">Esto porque el manual estableci\u00f3 que progresivamente los supermercados deben colocar en sus perchas m\u00e1s productos de peque\u00f1as empresas. As\u00ed para finales de este 2016, las cadenas deber\u00e1n destinar el 7% de sus compras anuales a empresas que facturan hasta $ 50 mil. Y en el 2017 debe pasar al 11%.<\/p>\n<p style=\"text-align: justify;\">\n<p style=\"text-align: justify;\">Rolando Carri\u00f3n, representante de ventas de Deli Natura, admite que la normativa s\u00ed ha ayudado a tener m\u00e1s presencia en percha. Siendo una empresa artesanal logr\u00f3 vender entre 18% y 20% m\u00e1s en dos a\u00f1os.<\/p>\n<p style=\"text-align: justify;\">\n<p style=\"text-align: justify;\">Agrega que uno de los beneficios m\u00e1s grandes es que la norma impone que a las empresas que facturan hasta $ 50 mil se les pague en 15 d\u00edas como m\u00e1ximo. Antes los supermercados pod\u00edan pagar las facturas hasta en 60 d\u00edas. (I)<\/p>\n<p style=\"text-align: justify;\">\n<p style=\"text-align: justify;\">Fuente: <a href=\"http:\/\/www.eluniverso.com\/noticias\/2016\/01\/18\/nota\/5352784\/producto-local-gana-espacio-percha-autoservicios\">http:\/\/www.eluniverso.com\/noticias\/2016\/01\/18\/nota\/5352784\/producto-local-gana-espacio-percha-autoservicios<\/a><\/p>\n","protected":false},"excerpt":{"rendered":"<p>&nbsp; M\u00e1s mermeladas, salsas con frutos locales, harinas, galletas sin gluten, cervezas artesanales han entrado o aumentado su presencia en las perchas de los supermercados locales. Parte de esto se debe, indica el intendente zonal 8 de la Superintendencia de Control de Poder de Mercado, Juan Carlos J\u00e1come, a las normas vigentes desde del 2014 que promueven la incorporaci\u00f3n de productos locales de empresas peque\u00f1as y medianas en los autoservicios. Es el Manual de Buenas Pr\u00e1cticas para Supermercados, y al que en el 2015 se sumaron las Normas Regulatorias para esas cadenas y sus proveedores. Seg\u00fan J\u00e1come, desde que rige el Manual de Buenas Pr\u00e1cticas hasta el 2015, nuevas empresas nacionales facturaron unos $ 293 millones en ventas a supermercados del pa\u00eds. Esto porque el manual estableci\u00f3 que progresivamente los supermercados deben colocar en sus perchas m\u00e1s productos de peque\u00f1as empresas. As\u00ed para finales de este 2016, las cadenas deber\u00e1n destinar el 7% de sus compras anuales a empresas que facturan hasta $ 50 mil. Y en el 2017 debe pasar al 11%. Rolando Carri\u00f3n, representante de ventas de Deli Natura, admite que la normativa s\u00ed ha ayudado a tener m\u00e1s presencia en percha. Siendo una empresa artesanal logr\u00f3 vender entre 18% y 20% m\u00e1s en dos a\u00f1os. Agrega que uno de los beneficios m\u00e1s grandes es que la norma impone que a las empresas que facturan hasta $ 50 mil se les pague en 15 d\u00edas como m\u00e1ximo. Antes los supermercados pod\u00edan pagar las facturas hasta en 60 d\u00edas. (I) Fuente: http:\/\/www.eluniverso.com\/noticias\/2016\/01\/18\/nota\/5352784\/producto-local-gana-espacio-percha-autoservicios<\/p>\n","protected":false},"author":1,"featured_media":237165,"comment_status":"open","ping_status":"open","sticky":false,"template":"","format":"standard","meta":[],"categories":[35],"tags":[],"_links":{"self":[{"href":"https:\/\/www.ecuadortimes.net\/es\/wp-json\/wp\/v2\/posts\/237164"}],"collection":[{"href":"https:\/\/www.ecuadortimes.net\/es\/wp-json\/wp\/v2\/posts"}],"about":[{"href":"https:\/\/www.ecuadortimes.net\/es\/wp-json\/wp\/v2\/types\/post"}],"author":[{"embeddable":true,"href":"https:\/\/www.ecuadortimes.net\/es\/wp-json\/wp\/v2\/users\/1"}],"replies":[{"embeddable":true,"href":"https:\/\/www.ecuadortimes.net\/es\/wp-json\/wp\/v2\/comments?post=237164"}],"version-history":[{"count":0,"href":"https:\/\/www.ecuadortimes.net\/es\/wp-json\/wp\/v2\/posts\/237164\/revisions"}],"wp:featuredmedia":[{"embeddable":true,"href":"https:\/\/www.ecuadortimes.net\/es\/wp-json\/wp\/v2\/media\/237165"}],"wp:attachment":[{"href":"https:\/\/www.ecuadortimes.net\/es\/wp-json\/wp\/v2\/media?parent=237164"}],"wp:term":[{"taxonomy":"category","embeddable":true,"href":"https:\/\/www.ecuadortimes.net\/es\/wp-json\/wp\/v2\/categories?post=237164"},{"taxonomy":"post_tag","embeddable":true,"href":"https:\/\/www.ecuadortimes.net\/es\/wp-json\/wp\/v2\/tags?post=237164"}],"curies":[{"name":"wp","href":"https:\/\/api.w.org\/{rel}","templated":true}]}}