{"id":237176,"date":"2016-01-19T00:00:00","date_gmt":"2016-01-19T00:00:00","guid":{"rendered":"https:\/\/www.ecuadortimes.net\/es\/seguridad-el-eterno-debate\/"},"modified":"2016-01-19T00:00:00","modified_gmt":"2016-01-19T00:00:00","slug":"seguridad-el-eterno-debate","status":"publish","type":"post","link":"https:\/\/www.ecuadortimes.net\/es\/seguridad-el-eterno-debate\/","title":{"rendered":"Seguridad, el eterno debate"},"content":{"rendered":"<p>&nbsp;<\/p>\n<div id=\"attachment_172371\" style=\"width: 310px\" class=\"wp-caption alignright\"><img aria-describedby=\"caption-attachment-172371\" loading=\"lazy\" class=\"size-medium wp-image-172371\" src=\"https:\/\/www.ecuadortimes.net\/es\/wp-content\/uploads\/2016\/01\/Captura-de-pantalla-2016-01-19-a-las-11.11.50-a.m.-300x242.png\" alt=\"Imagen: Expreso\" width=\"300\" height=\"242\" \/><p id=\"caption-attachment-172371\" class=\"wp-caption-text\">Imagen: Expreso<\/p><\/div>\n<p style=\"text-align: justify;\">Nada m\u00e1s anunciadas las \u00faltimas cifras oficiales de seguridad, en la oposici\u00f3n legislativa se fragua una respuesta en forma de proyecto de L<strong>ey Org\u00e1nica de la Polic\u00eda Nacional.<\/strong><\/p>\n<p style=\"text-align: justify;\">\n<p style=\"text-align: justify;\">La iniciativa, que intentar\u00e1 convertirse en la alternativa al oficialista proyecto de Seguridad Ciudadana, cuyo debate inici\u00f3 en 2013 y su conclusi\u00f3n no se avizora como pronta, ser\u00e1 presentada a finales de marzo en la Asamblea Nacional por el hipercr\u00edtico legislador Diego Salgado (CREO), de la comisi\u00f3n de Soberan\u00eda, quien necesitar\u00e1, seg\u00fan la matem\u00e1tica parlamentaria, de un poco probable visto bueno de Alianza PAIS para impulsar la ley.<\/p>\n<p>&nbsp;<\/p>\n<p>Seg\u00fan adelant\u00f3 a Expreso, la propuesta (a\u00fan en desarrollo) buscar\u00e1 una opci\u00f3n para superar &#8220;el trauma que les dej\u00f3 el 30S. Porque desde entonces est\u00e1n buscando debilitar a la Polic\u00eda. \u00bfPara qu\u00e9 m\u00e1s quieren recortar las funciones?&#8221;, asegur\u00f3 Salgado.<\/p>\n<p>&nbsp;<\/p>\n<p style=\"text-align: justify;\">Su proyecto apunta a clarificar la f\u00f3rmula para normar el n\u00famero de polic\u00edas que necesita el pa\u00eds, revisar la instrucci\u00f3n m\u00ednima necesaria antes de tomar el tolete y arma, garantizar la defensa jur\u00eddica de los polic\u00edas demandados por delincuentes tras las rejas y, sobre todo, definir el mecanismo para recopilar las cifras de inseguridad porque, a criterio del opositor: &#8220;no existen cifras oficiales&#8221;. El legislador, quien sufri\u00f3 un asalto a mano armada, dos semanas atr\u00e1s, considera que &#8220;no importa que nos sigan diciendo &#8216;Ecuador, pa\u00eds de paz&#8217;; la calle y las cifras se contradicen. Como ecuatoriano, no me siento seguro&#8221;. (I)<\/p>\n<p>&nbsp;<\/p>\n<p>Fuente: <a href=\"http:\/\/expreso.ec\/expreso\/plantillas\/nota.aspx?idart=8825504&amp;idcat=38269&amp;tipo=2\">http:\/\/expreso.ec\/expreso\/plantillas\/nota.aspx?idart=8825504&amp;idcat=38269&amp;tipo=2<\/a><\/p>\n<p>&nbsp;<\/p>\n","protected":false},"excerpt":{"rendered":"<p>&nbsp; Nada m\u00e1s anunciadas las \u00faltimas cifras oficiales de seguridad, en la oposici\u00f3n legislativa se fragua una respuesta en forma de proyecto de Ley Org\u00e1nica de la Polic\u00eda Nacional. La iniciativa, que intentar\u00e1 convertirse en la alternativa al oficialista proyecto de Seguridad Ciudadana, cuyo debate inici\u00f3 en 2013 y su conclusi\u00f3n no se avizora como pronta, ser\u00e1 presentada a finales de marzo en la Asamblea Nacional por el hipercr\u00edtico legislador Diego Salgado (CREO), de la comisi\u00f3n de Soberan\u00eda, quien necesitar\u00e1, seg\u00fan la matem\u00e1tica parlamentaria, de un poco probable visto bueno de Alianza PAIS para impulsar la ley. &nbsp; Seg\u00fan adelant\u00f3 a Expreso, la propuesta (a\u00fan en desarrollo) buscar\u00e1 una opci\u00f3n para superar &#8220;el trauma que les dej\u00f3 el 30S. Porque desde entonces est\u00e1n buscando debilitar a la Polic\u00eda. \u00bfPara qu\u00e9 m\u00e1s quieren recortar las funciones?&#8221;, asegur\u00f3 Salgado. &nbsp; Su proyecto apunta a clarificar la f\u00f3rmula para normar el n\u00famero de polic\u00edas que necesita el pa\u00eds, revisar la instrucci\u00f3n m\u00ednima necesaria antes de tomar el tolete y arma, garantizar la defensa jur\u00eddica de los polic\u00edas demandados por delincuentes tras las rejas y, sobre todo, definir el mecanismo para recopilar las cifras de inseguridad porque, a criterio del opositor: &#8220;no existen cifras oficiales&#8221;. El legislador, quien sufri\u00f3 un asalto a mano armada, dos semanas atr\u00e1s, considera que &#8220;no importa que nos sigan diciendo &#8216;Ecuador, pa\u00eds de paz&#8217;; la calle y las cifras se contradicen. Como ecuatoriano, no me siento seguro&#8221;. (I) &nbsp; Fuente: http:\/\/expreso.ec\/expreso\/plantillas\/nota.aspx?idart=8825504&amp;idcat=38269&amp;tipo=2 &nbsp;<\/p>\n","protected":false},"author":1,"featured_media":0,"comment_status":"open","ping_status":"open","sticky":false,"template":"","format":"standard","meta":[],"categories":[40],"tags":[],"_links":{"self":[{"href":"https:\/\/www.ecuadortimes.net\/es\/wp-json\/wp\/v2\/posts\/237176"}],"collection":[{"href":"https:\/\/www.ecuadortimes.net\/es\/wp-json\/wp\/v2\/posts"}],"about":[{"href":"https:\/\/www.ecuadortimes.net\/es\/wp-json\/wp\/v2\/types\/post"}],"author":[{"embeddable":true,"href":"https:\/\/www.ecuadortimes.net\/es\/wp-json\/wp\/v2\/users\/1"}],"replies":[{"embeddable":true,"href":"https:\/\/www.ecuadortimes.net\/es\/wp-json\/wp\/v2\/comments?post=237176"}],"version-history":[{"count":0,"href":"https:\/\/www.ecuadortimes.net\/es\/wp-json\/wp\/v2\/posts\/237176\/revisions"}],"wp:attachment":[{"href":"https:\/\/www.ecuadortimes.net\/es\/wp-json\/wp\/v2\/media?parent=237176"}],"wp:term":[{"taxonomy":"category","embeddable":true,"href":"https:\/\/www.ecuadortimes.net\/es\/wp-json\/wp\/v2\/categories?post=237176"},{"taxonomy":"post_tag","embeddable":true,"href":"https:\/\/www.ecuadortimes.net\/es\/wp-json\/wp\/v2\/tags?post=237176"}],"curies":[{"name":"wp","href":"https:\/\/api.w.org\/{rel}","templated":true}]}}