{"id":237177,"date":"2016-01-19T00:00:00","date_gmt":"2016-01-19T00:00:00","guid":{"rendered":"https:\/\/www.ecuadortimes.net\/es\/el-arroz-peruano-esta-en-zonas-de-guayas\/"},"modified":"2016-01-19T00:00:00","modified_gmt":"2016-01-19T00:00:00","slug":"el-arroz-peruano-esta-en-zonas-de-guayas","status":"publish","type":"post","link":"https:\/\/www.ecuadortimes.net\/es\/el-arroz-peruano-esta-en-zonas-de-guayas\/","title":{"rendered":"El arroz peruano est\u00e1 en zonas de Guayas"},"content":{"rendered":"<div id=\"attachment_172375\" style=\"width: 282px\" class=\"wp-caption alignright\"><img aria-describedby=\"caption-attachment-172375\" loading=\"lazy\" class=\"size-medium wp-image-172375\" src=\"https:\/\/www.ecuadortimes.net\/es\/wp-content\/uploads\/2016\/01\/Captura-de-pantalla-2016-01-19-a-las-2.59.03-p.m.-272x300.png\" alt=\"Image: Expreso\" width=\"272\" height=\"300\" \/><p id=\"caption-attachment-172375\" class=\"wp-caption-text\">Image: Expreso<\/p><\/div>\n<p style=\"text-align: justify;\">Mientras en la zona fronteriza con Per\u00fa, de mayor producci\u00f3n arrocera, los productores tienen represados alrededor de 50.000 quintales, los productores de Guayas se\u00f1alan que el grano de contrabando est\u00e1 llegando a <strong>Lomas de Sargentillo, Daule, Samborond\u00f3n y Nobol<\/strong>.<\/p>\n<p style=\"text-align: justify;\">\n<p style=\"text-align: justify;\">&#8220;El coraz\u00f3n de la producci\u00f3n arrocera del pa\u00eds est\u00e1 siendo afectado ya por el producto peruano, que llega a precios mucho menores&#8221;, se\u00f1ala el vicepresidente de la Junta Am\u00e9rica Lomas, de Daule, Julio Carchi, quien solicit\u00f3 el <strong>ministro de Agricultura<\/strong>, Javier Ponce, una reuni\u00f3n urgente con el sector para buscar una soluci\u00f3n r\u00e1pida al problema.<\/p>\n<p style=\"text-align: justify;\">\n<p style=\"text-align: justify;\">Esto es compartido por <strong>Emerson Juanazo<\/strong>, dirigente de Higuer\u00f3n, en Santa Luc\u00eda. \u00c3\u0089l asegura que el asunto m\u00e1s grave a\u00fan es que Per\u00fa importa grano desde Estados Unidos, con quien tiene un Tratado de Libre Comercio, a precios m\u00e1s bajos y cuyo &#8220;producto lo triangula a Ecuador&#8221;.<\/p>\n<p style=\"text-align: justify;\">\n<p style=\"text-align: justify;\">Diario Expreso public\u00f3 ayer que el contrabando est\u00e1 afectando principalmente a la zona de La Cuca, en Arenillas, donde los campos est\u00e1n siendo abandonados, porque los comerciantes prefieren comprar el arroz peruano a 32 y 33 d\u00f3lares, cuando el nacional cuesta en promedio $ 40. (I)<\/p>\n<p>&nbsp;<\/p>\n<p>Fuente: <a href=\"http:\/\/expreso.ec\/expreso\/plantillas\/nota.aspx?idart=8825578&amp;idcat=38229&amp;tipo=2\">http:\/\/expreso.ec\/expreso\/plantillas\/nota.aspx?idart=8825578&amp;idcat=38229&amp;tipo=2<\/a><\/p>\n","protected":false},"excerpt":{"rendered":"<p>Mientras en la zona fronteriza con Per\u00fa, de mayor producci\u00f3n arrocera, los productores tienen represados alrededor de 50.000 quintales, los productores de Guayas se\u00f1alan que el grano de contrabando est\u00e1 llegando a Lomas de Sargentillo, Daule, Samborond\u00f3n y Nobol. &#8220;El coraz\u00f3n de la producci\u00f3n arrocera del pa\u00eds est\u00e1 siendo afectado ya por el producto peruano, que llega a precios mucho menores&#8221;, se\u00f1ala el vicepresidente de la Junta Am\u00e9rica Lomas, de Daule, Julio Carchi, quien solicit\u00f3 el ministro de Agricultura, Javier Ponce, una reuni\u00f3n urgente con el sector para buscar una soluci\u00f3n r\u00e1pida al problema. Esto es compartido por Emerson Juanazo, dirigente de Higuer\u00f3n, en Santa Luc\u00eda. \u00c3\u0089l asegura que el asunto m\u00e1s grave a\u00fan es que Per\u00fa importa grano desde Estados Unidos, con quien tiene un Tratado de Libre Comercio, a precios m\u00e1s bajos y cuyo &#8220;producto lo triangula a Ecuador&#8221;. Diario Expreso public\u00f3 ayer que el contrabando est\u00e1 afectando principalmente a la zona de La Cuca, en Arenillas, donde los campos est\u00e1n siendo abandonados, porque los comerciantes prefieren comprar el arroz peruano a 32 y 33 d\u00f3lares, cuando el nacional cuesta en promedio $ 40. (I) &nbsp; Fuente: http:\/\/expreso.ec\/expreso\/plantillas\/nota.aspx?idart=8825578&amp;idcat=38229&amp;tipo=2<\/p>\n","protected":false},"author":1,"featured_media":0,"comment_status":"open","ping_status":"open","sticky":false,"template":"","format":"standard","meta":[],"categories":[43],"tags":[],"_links":{"self":[{"href":"https:\/\/www.ecuadortimes.net\/es\/wp-json\/wp\/v2\/posts\/237177"}],"collection":[{"href":"https:\/\/www.ecuadortimes.net\/es\/wp-json\/wp\/v2\/posts"}],"about":[{"href":"https:\/\/www.ecuadortimes.net\/es\/wp-json\/wp\/v2\/types\/post"}],"author":[{"embeddable":true,"href":"https:\/\/www.ecuadortimes.net\/es\/wp-json\/wp\/v2\/users\/1"}],"replies":[{"embeddable":true,"href":"https:\/\/www.ecuadortimes.net\/es\/wp-json\/wp\/v2\/comments?post=237177"}],"version-history":[{"count":0,"href":"https:\/\/www.ecuadortimes.net\/es\/wp-json\/wp\/v2\/posts\/237177\/revisions"}],"wp:attachment":[{"href":"https:\/\/www.ecuadortimes.net\/es\/wp-json\/wp\/v2\/media?parent=237177"}],"wp:term":[{"taxonomy":"category","embeddable":true,"href":"https:\/\/www.ecuadortimes.net\/es\/wp-json\/wp\/v2\/categories?post=237177"},{"taxonomy":"post_tag","embeddable":true,"href":"https:\/\/www.ecuadortimes.net\/es\/wp-json\/wp\/v2\/tags?post=237177"}],"curies":[{"name":"wp","href":"https:\/\/api.w.org\/{rel}","templated":true}]}}