{"id":237180,"date":"2016-01-19T00:00:00","date_gmt":"2016-01-19T00:00:00","guid":{"rendered":"https:\/\/www.ecuadortimes.net\/es\/finaliza-el-estado-de-excepcion-que-fue-decretado-por-el-nino\/"},"modified":"2016-01-19T00:00:00","modified_gmt":"2016-01-19T00:00:00","slug":"finaliza-el-estado-de-excepcion-que-fue-decretado-por-el-nino","status":"publish","type":"post","link":"https:\/\/www.ecuadortimes.net\/es\/finaliza-el-estado-de-excepcion-que-fue-decretado-por-el-nino\/","title":{"rendered":"Finaliza el estado de excepci\u00f3n que fue decretado por El Ni\u00f1o"},"content":{"rendered":"<p>&nbsp;<\/p>\n<p style=\"text-align: justify;\"><img loading=\"lazy\" class=\"size-medium wp-image-172381 alignright\" src=\"https:\/\/www.ecuadortimes.net\/es\/wp-content\/uploads\/2016\/01\/Captura-de-pantalla-2016-01-19-a-las-3.22.37-p.m.-300x202.png\" alt=\"Captura de pantalla 2016-01-19 a las 3.22.37 p.m.\" width=\"300\" height=\"202\" \/>La declaratoria de estado de excepci\u00f3n en 17 de las 24 provincias del pa\u00eds, adoptada por el Gobierno el 18 de noviembre para hacer frente al fen\u00f3meno <strong>meteorol\u00f3gico El Ni\u00f1o<\/strong>, finaliz\u00f3 ayer cuando se cumplieron los 60 d\u00edas desde su implantaci\u00f3n. La medida afectaba a 17 de las 24 provincias del pa\u00eds, que comprenden todas las jurisdicciones del litoral y las localidades ubicadas en las estribaciones de la cordillera occidental.<\/p>\n<p style=\"text-align: justify;\">Aunque los pron\u00f3sticos que se realizaron durante todo el a\u00f1o pasado hablaban de un fen\u00f3meno meteorol\u00f3gico con un impacto fuerte, de dimensiones superiores a los a\u00f1os con m\u00e1s fuerza, El Ni\u00f1o se est\u00e1 desarrollando con incidencias menores hasta la fecha. (I)<\/p>\n<p>Fuente: <a href=\"http:\/\/expreso.ec\/expreso\/plantillas\/nota.aspx?idart=8825479&amp;idcat=38473&amp;tipo=2\">http:\/\/expreso.ec\/expreso\/plantillas\/nota.aspx?idart=8825479&amp;idcat=38473&amp;tipo=2<\/a><\/p>\n","protected":false},"excerpt":{"rendered":"<p>&nbsp; La declaratoria de estado de excepci\u00f3n en 17 de las 24 provincias del pa\u00eds, adoptada por el Gobierno el 18 de noviembre para hacer frente al fen\u00f3meno meteorol\u00f3gico El Ni\u00f1o, finaliz\u00f3 ayer cuando se cumplieron los 60 d\u00edas desde su implantaci\u00f3n. La medida afectaba a 17 de las 24 provincias del pa\u00eds, que comprenden todas las jurisdicciones del litoral y las localidades ubicadas en las estribaciones de la cordillera occidental. Aunque los pron\u00f3sticos que se realizaron durante todo el a\u00f1o pasado hablaban de un fen\u00f3meno meteorol\u00f3gico con un impacto fuerte, de dimensiones superiores a los a\u00f1os con m\u00e1s fuerza, El Ni\u00f1o se est\u00e1 desarrollando con incidencias menores hasta la fecha. (I) Fuente: http:\/\/expreso.ec\/expreso\/plantillas\/nota.aspx?idart=8825479&amp;idcat=38473&amp;tipo=2<\/p>\n","protected":false},"author":1,"featured_media":0,"comment_status":"open","ping_status":"open","sticky":false,"template":"","format":"standard","meta":[],"categories":[54,35],"tags":[],"_links":{"self":[{"href":"https:\/\/www.ecuadortimes.net\/es\/wp-json\/wp\/v2\/posts\/237180"}],"collection":[{"href":"https:\/\/www.ecuadortimes.net\/es\/wp-json\/wp\/v2\/posts"}],"about":[{"href":"https:\/\/www.ecuadortimes.net\/es\/wp-json\/wp\/v2\/types\/post"}],"author":[{"embeddable":true,"href":"https:\/\/www.ecuadortimes.net\/es\/wp-json\/wp\/v2\/users\/1"}],"replies":[{"embeddable":true,"href":"https:\/\/www.ecuadortimes.net\/es\/wp-json\/wp\/v2\/comments?post=237180"}],"version-history":[{"count":0,"href":"https:\/\/www.ecuadortimes.net\/es\/wp-json\/wp\/v2\/posts\/237180\/revisions"}],"wp:attachment":[{"href":"https:\/\/www.ecuadortimes.net\/es\/wp-json\/wp\/v2\/media?parent=237180"}],"wp:term":[{"taxonomy":"category","embeddable":true,"href":"https:\/\/www.ecuadortimes.net\/es\/wp-json\/wp\/v2\/categories?post=237180"},{"taxonomy":"post_tag","embeddable":true,"href":"https:\/\/www.ecuadortimes.net\/es\/wp-json\/wp\/v2\/tags?post=237180"}],"curies":[{"name":"wp","href":"https:\/\/api.w.org\/{rel}","templated":true}]}}