{"id":237185,"date":"2016-01-20T00:00:00","date_gmt":"2016-01-20T00:00:00","guid":{"rendered":"https:\/\/www.ecuadortimes.net\/es\/rafael-correa-confirmo-incremento-del-desempleo-en-el-ecuador-pero-aseguro-que-es-el-mas-bajo-de-la-region\/"},"modified":"2016-01-20T00:00:00","modified_gmt":"2016-01-20T00:00:00","slug":"rafael-correa-confirmo-incremento-del-desempleo-en-el-ecuador-pero-aseguro-que-es-el-mas-bajo-de-la-region","status":"publish","type":"post","link":"https:\/\/www.ecuadortimes.net\/es\/rafael-correa-confirmo-incremento-del-desempleo-en-el-ecuador-pero-aseguro-que-es-el-mas-bajo-de-la-region\/","title":{"rendered":"Rafael Correa confirm\u00f3 incremento del desempleo en el Ecuador, pero asegur\u00f3 que es el m\u00e1s bajo de la regi\u00f3n"},"content":{"rendered":"<p>&nbsp;<\/p>\n<p style=\"text-align: justify;\">El<strong> presidente Rafael Correa<\/strong> inaugur\u00f3 obras en <strong>Morona Santiago<\/strong>. En ese marco, este martes 19 de enero, en un conversatorio con medios de comunicaci\u00f3n, confirm\u00f3 que el <strong>\u00edndice de desempleo en el pa\u00eds ha aumentado<\/strong>. Sin embargo, apunt\u00f3 que es el m\u00e1s bajo de la regi\u00f3n.<\/p>\n<p style=\"text-align: justify;\">\n<p style=\"text-align: justify;\">El Mandatario se refiri\u00f3 a los nueve a\u00f1os de su mandato. Cont\u00f3 que al revisar los discursos de aniversarios anteriores, constat\u00f3 que todo lo que ha ofrecido se ha cumplido, menos consolidar el Banco del Sur, pese a que el Gobierno lo ha impulsado. (I)<\/p>\n<p>&nbsp;<\/p>\n<p>Fuente: <a href=\"http:\/\/www.elcomercio.com\/actualidad\/rafaelcorrea-desempleo-universidad-ecuador-politica.html\">http:\/\/www.elcomercio.com\/actualidad\/rafaelcorrea-desempleo-universidad-ecuador-politica.html<\/a><\/p>\n","protected":false},"excerpt":{"rendered":"<p>&nbsp; El presidente Rafael Correa inaugur\u00f3 obras en Morona Santiago. En ese marco, este martes 19 de enero, en un conversatorio con medios de comunicaci\u00f3n, confirm\u00f3 que el \u00edndice de desempleo en el pa\u00eds ha aumentado. Sin embargo, apunt\u00f3 que es el m\u00e1s bajo de la regi\u00f3n. El Mandatario se refiri\u00f3 a los nueve a\u00f1os de su mandato. Cont\u00f3 que al revisar los discursos de aniversarios anteriores, constat\u00f3 que todo lo que ha ofrecido se ha cumplido, menos consolidar el Banco del Sur, pese a que el Gobierno lo ha impulsado. (I) &nbsp; Fuente: http:\/\/www.elcomercio.com\/actualidad\/rafaelcorrea-desempleo-universidad-ecuador-politica.html<\/p>\n","protected":false},"author":1,"featured_media":237186,"comment_status":"open","ping_status":"open","sticky":false,"template":"","format":"standard","meta":[],"categories":[54,40],"tags":[],"_links":{"self":[{"href":"https:\/\/www.ecuadortimes.net\/es\/wp-json\/wp\/v2\/posts\/237185"}],"collection":[{"href":"https:\/\/www.ecuadortimes.net\/es\/wp-json\/wp\/v2\/posts"}],"about":[{"href":"https:\/\/www.ecuadortimes.net\/es\/wp-json\/wp\/v2\/types\/post"}],"author":[{"embeddable":true,"href":"https:\/\/www.ecuadortimes.net\/es\/wp-json\/wp\/v2\/users\/1"}],"replies":[{"embeddable":true,"href":"https:\/\/www.ecuadortimes.net\/es\/wp-json\/wp\/v2\/comments?post=237185"}],"version-history":[{"count":0,"href":"https:\/\/www.ecuadortimes.net\/es\/wp-json\/wp\/v2\/posts\/237185\/revisions"}],"wp:featuredmedia":[{"embeddable":true,"href":"https:\/\/www.ecuadortimes.net\/es\/wp-json\/wp\/v2\/media\/237186"}],"wp:attachment":[{"href":"https:\/\/www.ecuadortimes.net\/es\/wp-json\/wp\/v2\/media?parent=237185"}],"wp:term":[{"taxonomy":"category","embeddable":true,"href":"https:\/\/www.ecuadortimes.net\/es\/wp-json\/wp\/v2\/categories?post=237185"},{"taxonomy":"post_tag","embeddable":true,"href":"https:\/\/www.ecuadortimes.net\/es\/wp-json\/wp\/v2\/tags?post=237185"}],"curies":[{"name":"wp","href":"https:\/\/api.w.org\/{rel}","templated":true}]}}