{"id":237194,"date":"2016-01-20T00:00:00","date_gmt":"2016-01-20T00:00:00","guid":{"rendered":"https:\/\/www.ecuadortimes.net\/es\/calles-inundadas-e-intensa-congestion-vehicular-por-lluvia-en-guayaquil\/"},"modified":"2016-01-20T00:00:00","modified_gmt":"2016-01-20T00:00:00","slug":"calles-inundadas-e-intensa-congestion-vehicular-por-lluvia-en-guayaquil","status":"publish","type":"post","link":"https:\/\/www.ecuadortimes.net\/es\/calles-inundadas-e-intensa-congestion-vehicular-por-lluvia-en-guayaquil\/","title":{"rendered":"Calles inundadas e intensa congesti\u00f3n vehicular por lluvia en Guayaquil"},"content":{"rendered":"<div id=\"attachment_172419\" style=\"width: 310px\" class=\"wp-caption aligncenter\"><img aria-describedby=\"caption-attachment-172419\" loading=\"lazy\" class=\"size-medium wp-image-172419\" src=\"https:\/\/www.ecuadortimes.net\/es\/wp-content\/uploads\/2016\/01\/Captura-de-pantalla-2016-01-20-a-las-11.59.29-a.m.-300x174.png\" alt=\"Imagen: El Universo\" width=\"300\" height=\"174\" \/><p id=\"caption-attachment-172419\" class=\"wp-caption-text\">Imagen: El Universo<\/p><\/div>\n<p>La intensa lluvia ca\u00edda la tarde y noche de este martes en el norte y centro de Guayaquil inund\u00f3 calles y v\u00edas de alta circulaci\u00f3n vehicular, como la Juan Tanca Marengo, la v\u00eda a Daule y la V\u00edctor Emilio Estrada en Urdesa.<\/p>\n<p style=\"text-align: justify;\">En redes sociales, los conductores y peatones han reportado el malestar por los embotellamientos y las veredas cubiertas por agua. Otros han debido esperar varios minutos en las unidades de Metrov\u00eda que han tenido problemas para circular.\u00a0<strong>(I)<\/strong><\/p>\n<p>&nbsp;<\/p>\n<p>Fuente: <a href=\"http:\/\/www.eluniverso.com\/noticias\/2016\/01\/19\/nota\/5356048\/calles-inundadas-e-intensa-congestion-vehicular-lluvia-guayaquil\">http:\/\/www.eluniverso.com\/noticias\/2016\/01\/19\/nota\/5356048\/calles-inundadas-e-intensa-congestion-vehicular-lluvia-guayaquil<\/a><\/p>\n","protected":false},"excerpt":{"rendered":"<p>La intensa lluvia ca\u00edda la tarde y noche de este martes en el norte y centro de Guayaquil inund\u00f3 calles y v\u00edas de alta circulaci\u00f3n vehicular, como la Juan Tanca Marengo, la v\u00eda a Daule y la V\u00edctor Emilio Estrada en Urdesa. En redes sociales, los conductores y peatones han reportado el malestar por los embotellamientos y las veredas cubiertas por agua. Otros han debido esperar varios minutos en las unidades de Metrov\u00eda que han tenido problemas para circular.\u00a0(I) &nbsp; Fuente: http:\/\/www.eluniverso.com\/noticias\/2016\/01\/19\/nota\/5356048\/calles-inundadas-e-intensa-congestion-vehicular-lluvia-guayaquil<\/p>\n","protected":false},"author":1,"featured_media":0,"comment_status":"open","ping_status":"open","sticky":false,"template":"","format":"standard","meta":[],"categories":[54,35],"tags":[],"_links":{"self":[{"href":"https:\/\/www.ecuadortimes.net\/es\/wp-json\/wp\/v2\/posts\/237194"}],"collection":[{"href":"https:\/\/www.ecuadortimes.net\/es\/wp-json\/wp\/v2\/posts"}],"about":[{"href":"https:\/\/www.ecuadortimes.net\/es\/wp-json\/wp\/v2\/types\/post"}],"author":[{"embeddable":true,"href":"https:\/\/www.ecuadortimes.net\/es\/wp-json\/wp\/v2\/users\/1"}],"replies":[{"embeddable":true,"href":"https:\/\/www.ecuadortimes.net\/es\/wp-json\/wp\/v2\/comments?post=237194"}],"version-history":[{"count":0,"href":"https:\/\/www.ecuadortimes.net\/es\/wp-json\/wp\/v2\/posts\/237194\/revisions"}],"wp:attachment":[{"href":"https:\/\/www.ecuadortimes.net\/es\/wp-json\/wp\/v2\/media?parent=237194"}],"wp:term":[{"taxonomy":"category","embeddable":true,"href":"https:\/\/www.ecuadortimes.net\/es\/wp-json\/wp\/v2\/categories?post=237194"},{"taxonomy":"post_tag","embeddable":true,"href":"https:\/\/www.ecuadortimes.net\/es\/wp-json\/wp\/v2\/tags?post=237194"}],"curies":[{"name":"wp","href":"https:\/\/api.w.org\/{rel}","templated":true}]}}