{"id":237200,"date":"2016-01-20T00:00:00","date_gmt":"2016-01-20T00:00:00","guid":{"rendered":"https:\/\/www.ecuadortimes.net\/es\/correa-insiste-en-llamar-a-la-movilizacion-para-defender-las-obras-de-su-gobierno\/"},"modified":"2016-01-20T00:00:00","modified_gmt":"2016-01-20T00:00:00","slug":"correa-insiste-en-llamar-a-la-movilizacion-para-defender-las-obras-de-su-gobierno","status":"publish","type":"post","link":"https:\/\/www.ecuadortimes.net\/es\/correa-insiste-en-llamar-a-la-movilizacion-para-defender-las-obras-de-su-gobierno\/","title":{"rendered":"Correa insiste en llamar a la movilizaci\u00f3n para defender las obras de su gobierno"},"content":{"rendered":"<p>&nbsp;<\/p>\n<div id=\"attachment_172435\" style=\"width: 310px\" class=\"wp-caption alignright\"><img aria-describedby=\"caption-attachment-172435\" loading=\"lazy\" class=\"size-medium wp-image-172435\" src=\"https:\/\/www.ecuadortimes.net\/es\/wp-content\/uploads\/2016\/01\/Captura-de-pantalla-2016-01-20-a-las-2.59.08-p.m.-300x203.png\" alt=\"Imagen: Expreso\" width=\"300\" height=\"203\" \/><p id=\"caption-attachment-172435\" class=\"wp-caption-text\">Imagen: Expreso<\/p><\/div>\n<p style=\"text-align: justify;\">&#8220;Con tu confianza y tu pasi\u00f3n triunfaremos en febrero de 2017 y en todas las batallas que se presenten&#8230; La revoluci\u00f3n eres t\u00fa. Por ti vamos a vencer&#8221;. Estas fueron parte de las \u00faltimas frases que pronunci\u00f3 el presidente Rafael Correa en su discurso durante el acto de inauguraci\u00f3n de la escuela del milenio Nueva Generaci\u00f3n, en la parroquia San Juan Bosco, en Morona Santiago.<\/p>\n<p style=\"text-align: justify;\">\n<p style=\"text-align: justify;\">Parte de su alocuci\u00f3n, de un poco m\u00e1s de una hora, el primer mandatario lo dedic\u00f3 a criticar a la antigua clase pol\u00edtica y sus opositores. Dijo que son ellos quienes califican las inversiones como gasto p\u00fablico. Adem\u00e1s, los conmin\u00f3 a que le demuestren si ha derrochado el dinero. &#8220;El gasto p\u00fablico son ustedes. Que ha habido derroche, despilfarro, es mentira. Que me demuestren. Por supuesto que se han cometido errores, pero son marginales&#8221;. Por ello, llam\u00f3 una vez m\u00e1s a sus militantes a movilizarse y cuestionar a quienes critiquen las obras de su gesti\u00f3n.<\/p>\n<p style=\"text-align: justify;\">\n<p style=\"text-align: justify;\">Dijo que ha subido el desempleo como lo anticip\u00f3. No obstante, aclar\u00f3 que no lo dijo durante el \u00faltimo debate con economistas porque en ese momento manejaba cifras del tercer trimestre del a\u00f1o.<\/p>\n<p style=\"text-align: justify;\">\n<p style=\"text-align: justify;\">Pidi\u00f3 disculpas a los ciudadanos presentes por el retraso en la entrega del centro educativo que cost\u00f3 6 millones de d\u00f3lares, incluidos la obra civil y el equipamiento. (I)<\/p>\n<p>&nbsp;<\/p>\n<p>Fuente: <a href=\"http:\/\/expreso.ec\/expreso\/plantillas\/nota.aspx?idart=8827903&amp;idcat=38269&amp;tipo=2\">http:\/\/expreso.ec\/expreso\/plantillas\/nota.aspx?idart=8827903&amp;idcat=38269&amp;tipo=2<\/a><\/p>\n","protected":false},"excerpt":{"rendered":"<p>&nbsp; &#8220;Con tu confianza y tu pasi\u00f3n triunfaremos en febrero de 2017 y en todas las batallas que se presenten&#8230; La revoluci\u00f3n eres t\u00fa. Por ti vamos a vencer&#8221;. Estas fueron parte de las \u00faltimas frases que pronunci\u00f3 el presidente Rafael Correa en su discurso durante el acto de inauguraci\u00f3n de la escuela del milenio Nueva Generaci\u00f3n, en la parroquia San Juan Bosco, en Morona Santiago. Parte de su alocuci\u00f3n, de un poco m\u00e1s de una hora, el primer mandatario lo dedic\u00f3 a criticar a la antigua clase pol\u00edtica y sus opositores. Dijo que son ellos quienes califican las inversiones como gasto p\u00fablico. Adem\u00e1s, los conmin\u00f3 a que le demuestren si ha derrochado el dinero. &#8220;El gasto p\u00fablico son ustedes. Que ha habido derroche, despilfarro, es mentira. Que me demuestren. Por supuesto que se han cometido errores, pero son marginales&#8221;. Por ello, llam\u00f3 una vez m\u00e1s a sus militantes a movilizarse y cuestionar a quienes critiquen las obras de su gesti\u00f3n. Dijo que ha subido el desempleo como lo anticip\u00f3. No obstante, aclar\u00f3 que no lo dijo durante el \u00faltimo debate con economistas porque en ese momento manejaba cifras del tercer trimestre del a\u00f1o. Pidi\u00f3 disculpas a los ciudadanos presentes por el retraso en la entrega del centro educativo que cost\u00f3 6 millones de d\u00f3lares, incluidos la obra civil y el equipamiento. (I) &nbsp; Fuente: http:\/\/expreso.ec\/expreso\/plantillas\/nota.aspx?idart=8827903&amp;idcat=38269&amp;tipo=2<\/p>\n","protected":false},"author":1,"featured_media":0,"comment_status":"open","ping_status":"open","sticky":false,"template":"","format":"standard","meta":[],"categories":[54,40],"tags":[],"_links":{"self":[{"href":"https:\/\/www.ecuadortimes.net\/es\/wp-json\/wp\/v2\/posts\/237200"}],"collection":[{"href":"https:\/\/www.ecuadortimes.net\/es\/wp-json\/wp\/v2\/posts"}],"about":[{"href":"https:\/\/www.ecuadortimes.net\/es\/wp-json\/wp\/v2\/types\/post"}],"author":[{"embeddable":true,"href":"https:\/\/www.ecuadortimes.net\/es\/wp-json\/wp\/v2\/users\/1"}],"replies":[{"embeddable":true,"href":"https:\/\/www.ecuadortimes.net\/es\/wp-json\/wp\/v2\/comments?post=237200"}],"version-history":[{"count":0,"href":"https:\/\/www.ecuadortimes.net\/es\/wp-json\/wp\/v2\/posts\/237200\/revisions"}],"wp:attachment":[{"href":"https:\/\/www.ecuadortimes.net\/es\/wp-json\/wp\/v2\/media?parent=237200"}],"wp:term":[{"taxonomy":"category","embeddable":true,"href":"https:\/\/www.ecuadortimes.net\/es\/wp-json\/wp\/v2\/categories?post=237200"},{"taxonomy":"post_tag","embeddable":true,"href":"https:\/\/www.ecuadortimes.net\/es\/wp-json\/wp\/v2\/tags?post=237200"}],"curies":[{"name":"wp","href":"https:\/\/api.w.org\/{rel}","templated":true}]}}