{"id":237201,"date":"2016-01-20T00:00:00","date_gmt":"2016-01-20T00:00:00","guid":{"rendered":"https:\/\/www.ecuadortimes.net\/es\/una-exposicion-de-federico-gonzenbach-en-el-camposanto-parque-de-la-paz\/"},"modified":"2016-01-20T00:00:00","modified_gmt":"2016-01-20T00:00:00","slug":"una-exposicion-de-federico-gonzenbach-en-el-camposanto-parque-de-la-paz","status":"publish","type":"post","link":"https:\/\/www.ecuadortimes.net\/es\/una-exposicion-de-federico-gonzenbach-en-el-camposanto-parque-de-la-paz\/","title":{"rendered":"Una exposici\u00f3n de Federico Gonzenbach en el camposanto Parque de la Paz"},"content":{"rendered":"<div id=\"attachment_172436\" style=\"width: 310px\" class=\"wp-caption alignleft\"><img aria-describedby=\"caption-attachment-172436\" loading=\"lazy\" class=\"size-medium wp-image-172436\" src=\"https:\/\/www.ecuadortimes.net\/es\/wp-content\/uploads\/2016\/01\/Captura-de-pantalla-2016-01-20-a-las-2.59.45-p.m.-300x201.png\" alt=\"imagen: Expreso\" width=\"300\" height=\"201\" \/><p id=\"caption-attachment-172436\" class=\"wp-caption-text\">imagen: Expreso<\/p><\/div>\n<p style=\"text-align: justify;\"><strong>Parque de la Paz<\/strong> invita a la inauguraci\u00f3n de la exposici\u00f3n &#8216;El arte celestial y lo humano&#8217;, del a<strong>rtista guayaquile\u00f1o, Federico Gonzenbach<\/strong>, quien exhibir\u00e1 m\u00e1s de 10 obras de arte elaboradas con varias t\u00e9cnicas y estilos, pintadas en \u00f3leo, con esp\u00e1tula y pincel.<\/p>\n<p style=\"text-align: justify;\">La muestra estar\u00e1 abierta al p\u00fablico este s\u00e1bado 23 y el domingo 24 de enero en el camposanto La Aurora, ubicado en la avenida Le\u00f3n Febres-Cordero, kil\u00f3metro 13,5 de la v\u00eda entre La Puntilla y Pascuales.<\/p>\n<p style=\"text-align: justify;\">Seg\u00fan indic\u00f3 el camposanto, esta exposici\u00f3n &#8220;constituye un modo de explicar el arte celestial y lo humano, que derrocha color y luminosidad en el paisaje universal. Adem\u00e1s, transmite la paz y el amor, como esencia fundamental del alma del ser humano&#8221;.<\/p>\n<p style=\"text-align: justify;\">El pintor Gonzenbach utiliza para sus obras cinco estilos: contrastes, colores, creaciones, acercamiento y abstracto. (I)<\/p>\n<p>&nbsp;<\/p>\n<p>&nbsp;<\/p>\n<p>Fuente: <a href=\"http:\/\/expreso.ec\/expreso\/plantillas\/nota.aspx?idart=8827834&amp;idcat=38269&amp;tipo=2\">http:\/\/expreso.ec\/expreso\/plantillas\/nota.aspx?idart=8827834&amp;idcat=38269&amp;tipo=2<\/a><\/p>\n","protected":false},"excerpt":{"rendered":"<p>Parque de la Paz invita a la inauguraci\u00f3n de la exposici\u00f3n &#8216;El arte celestial y lo humano&#8217;, del artista guayaquile\u00f1o, Federico Gonzenbach, quien exhibir\u00e1 m\u00e1s de 10 obras de arte elaboradas con varias t\u00e9cnicas y estilos, pintadas en \u00f3leo, con esp\u00e1tula y pincel. La muestra estar\u00e1 abierta al p\u00fablico este s\u00e1bado 23 y el domingo 24 de enero en el camposanto La Aurora, ubicado en la avenida Le\u00f3n Febres-Cordero, kil\u00f3metro 13,5 de la v\u00eda entre La Puntilla y Pascuales. Seg\u00fan indic\u00f3 el camposanto, esta exposici\u00f3n &#8220;constituye un modo de explicar el arte celestial y lo humano, que derrocha color y luminosidad en el paisaje universal. Adem\u00e1s, transmite la paz y el amor, como esencia fundamental del alma del ser humano&#8221;. El pintor Gonzenbach utiliza para sus obras cinco estilos: contrastes, colores, creaciones, acercamiento y abstracto. (I) &nbsp; &nbsp; Fuente: http:\/\/expreso.ec\/expreso\/plantillas\/nota.aspx?idart=8827834&amp;idcat=38269&amp;tipo=2<\/p>\n","protected":false},"author":1,"featured_media":0,"comment_status":"open","ping_status":"open","sticky":false,"template":"","format":"standard","meta":[],"categories":[35],"tags":[],"_links":{"self":[{"href":"https:\/\/www.ecuadortimes.net\/es\/wp-json\/wp\/v2\/posts\/237201"}],"collection":[{"href":"https:\/\/www.ecuadortimes.net\/es\/wp-json\/wp\/v2\/posts"}],"about":[{"href":"https:\/\/www.ecuadortimes.net\/es\/wp-json\/wp\/v2\/types\/post"}],"author":[{"embeddable":true,"href":"https:\/\/www.ecuadortimes.net\/es\/wp-json\/wp\/v2\/users\/1"}],"replies":[{"embeddable":true,"href":"https:\/\/www.ecuadortimes.net\/es\/wp-json\/wp\/v2\/comments?post=237201"}],"version-history":[{"count":0,"href":"https:\/\/www.ecuadortimes.net\/es\/wp-json\/wp\/v2\/posts\/237201\/revisions"}],"wp:attachment":[{"href":"https:\/\/www.ecuadortimes.net\/es\/wp-json\/wp\/v2\/media?parent=237201"}],"wp:term":[{"taxonomy":"category","embeddable":true,"href":"https:\/\/www.ecuadortimes.net\/es\/wp-json\/wp\/v2\/categories?post=237201"},{"taxonomy":"post_tag","embeddable":true,"href":"https:\/\/www.ecuadortimes.net\/es\/wp-json\/wp\/v2\/tags?post=237201"}],"curies":[{"name":"wp","href":"https:\/\/api.w.org\/{rel}","templated":true}]}}