{"id":237207,"date":"2016-01-21T00:00:00","date_gmt":"2016-01-21T00:00:00","guid":{"rendered":"https:\/\/www.ecuadortimes.net\/es\/las-legumbres-el-pan-y-la-papa-suben-de-precio\/"},"modified":"2016-01-21T00:00:00","modified_gmt":"2016-01-21T00:00:00","slug":"las-legumbres-el-pan-y-la-papa-suben-de-precio","status":"publish","type":"post","link":"https:\/\/www.ecuadortimes.net\/es\/las-legumbres-el-pan-y-la-papa-suben-de-precio\/","title":{"rendered":"Las legumbres, el pan y la papa suben de precio"},"content":{"rendered":"<p>&nbsp;<\/p>\n<p style=\"text-align: justify;\">El presupuesto familiar para adquirir los v\u00edveres hay que estirarlo m\u00e1s que antes. No se puede negar que la crisis econ\u00f3mica empez\u00f3 a pesar en la canasta de compras. Esto es parte de las opiniones de los clientes consultados en la calle por este medio, en un recorrido por el norte y sur de la ciudad.<\/p>\n<p style=\"text-align: justify;\">\n<p style=\"text-align: justify;\">Y es que subieron de precio las legumbres, hortalizas, el pan, papa y arroz. Al preguntar a los comerciantes el porqu\u00e9, la mayor\u00eda manifest\u00f3 que hay que cubrir el nuevo salario b\u00e1sico, que este a\u00f1o es de $ 366 mensuales.<\/p>\n<p style=\"text-align: justify;\">\n<p style=\"text-align: justify;\">Dolores Henr\u00edquez, clienta, dijo a Diario Expreso que es m\u00e1s dif\u00edcil encontrar el pan popular a $ 0,10. &#8220;De buen sabor y de tama\u00f1o mediano cuesta desde $ 0,12&#8221;, indic\u00f3.<\/p>\n<p style=\"text-align: justify;\">\n<p style=\"text-align: justify;\">Para los due\u00f1os de las panader\u00edas mantener los precios del producto no es f\u00e1cil, porque la materia prima tambi\u00e9n se encareci\u00f3. Por ejemplo, la levadura que costaba $ 2,60 ahora vale $ 2,90. Luz Moya, administradora de la panader\u00eda y pasteler\u00eda San Marcos, manifest\u00f3 que el bolsillo del cliente no da para m\u00e1s y por ello la panader\u00eda mantiene los mismos precios del a\u00f1o pasado y hace ofertas cada semana. Da nueve panes de 50 gramos; o siete, de 85 o 90 gramos por un d\u00f3lar. (I)<\/p>\n<p>&nbsp;<\/p>\n<p>Fuente: <a href=\"http:\/\/expreso.ec\/expreso\/plantillas\/nota.aspx?idart=8830696&amp;idcat=38229&amp;tipo=2\">http:\/\/expreso.ec\/expreso\/plantillas\/nota.aspx?idart=8830696&amp;idcat=38229&amp;tipo=2<\/a><\/p>\n","protected":false},"excerpt":{"rendered":"<p>&nbsp; El presupuesto familiar para adquirir los v\u00edveres hay que estirarlo m\u00e1s que antes. No se puede negar que la crisis econ\u00f3mica empez\u00f3 a pesar en la canasta de compras. Esto es parte de las opiniones de los clientes consultados en la calle por este medio, en un recorrido por el norte y sur de la ciudad. Y es que subieron de precio las legumbres, hortalizas, el pan, papa y arroz. Al preguntar a los comerciantes el porqu\u00e9, la mayor\u00eda manifest\u00f3 que hay que cubrir el nuevo salario b\u00e1sico, que este a\u00f1o es de $ 366 mensuales. Dolores Henr\u00edquez, clienta, dijo a Diario Expreso que es m\u00e1s dif\u00edcil encontrar el pan popular a $ 0,10. &#8220;De buen sabor y de tama\u00f1o mediano cuesta desde $ 0,12&#8221;, indic\u00f3. Para los due\u00f1os de las panader\u00edas mantener los precios del producto no es f\u00e1cil, porque la materia prima tambi\u00e9n se encareci\u00f3. Por ejemplo, la levadura que costaba $ 2,60 ahora vale $ 2,90. Luz Moya, administradora de la panader\u00eda y pasteler\u00eda San Marcos, manifest\u00f3 que el bolsillo del cliente no da para m\u00e1s y por ello la panader\u00eda mantiene los mismos precios del a\u00f1o pasado y hace ofertas cada semana. Da nueve panes de 50 gramos; o siete, de 85 o 90 gramos por un d\u00f3lar. (I) &nbsp; Fuente: http:\/\/expreso.ec\/expreso\/plantillas\/nota.aspx?idart=8830696&amp;idcat=38229&amp;tipo=2<\/p>\n","protected":false},"author":1,"featured_media":0,"comment_status":"open","ping_status":"open","sticky":false,"template":"","format":"standard","meta":[],"categories":[54,43],"tags":[],"_links":{"self":[{"href":"https:\/\/www.ecuadortimes.net\/es\/wp-json\/wp\/v2\/posts\/237207"}],"collection":[{"href":"https:\/\/www.ecuadortimes.net\/es\/wp-json\/wp\/v2\/posts"}],"about":[{"href":"https:\/\/www.ecuadortimes.net\/es\/wp-json\/wp\/v2\/types\/post"}],"author":[{"embeddable":true,"href":"https:\/\/www.ecuadortimes.net\/es\/wp-json\/wp\/v2\/users\/1"}],"replies":[{"embeddable":true,"href":"https:\/\/www.ecuadortimes.net\/es\/wp-json\/wp\/v2\/comments?post=237207"}],"version-history":[{"count":0,"href":"https:\/\/www.ecuadortimes.net\/es\/wp-json\/wp\/v2\/posts\/237207\/revisions"}],"wp:attachment":[{"href":"https:\/\/www.ecuadortimes.net\/es\/wp-json\/wp\/v2\/media?parent=237207"}],"wp:term":[{"taxonomy":"category","embeddable":true,"href":"https:\/\/www.ecuadortimes.net\/es\/wp-json\/wp\/v2\/categories?post=237207"},{"taxonomy":"post_tag","embeddable":true,"href":"https:\/\/www.ecuadortimes.net\/es\/wp-json\/wp\/v2\/tags?post=237207"}],"curies":[{"name":"wp","href":"https:\/\/api.w.org\/{rel}","templated":true}]}}