{"id":237209,"date":"2016-01-21T00:00:00","date_gmt":"2016-01-21T00:00:00","guid":{"rendered":"https:\/\/www.ecuadortimes.net\/es\/la-sombra-del-chapo-guzman-en-ecuador\/"},"modified":"2016-01-21T00:00:00","modified_gmt":"2016-01-21T00:00:00","slug":"la-sombra-del-chapo-guzman-en-ecuador","status":"publish","type":"post","link":"https:\/\/www.ecuadortimes.net\/es\/la-sombra-del-chapo-guzman-en-ecuador\/","title":{"rendered":"La sombra del &#8216;Chapo&#8217; Guzm\u00e1n en Ecuador"},"content":{"rendered":"<p>&nbsp;<\/p>\n<p style=\"text-align: justify;\"><strong><img loading=\"lazy\" class=\"aligncenter wp-image-172462 size-full\" src=\"https:\/\/www.ecuadortimes.net\/es\/wp-content\/uploads\/2016\/01\/151017052507_el_chapo_cuando_fue_detenido_en_2014_624x351_ap_nocredit.jpg\" alt=\"151017052507_el_chapo_cuando_fue_detenido_en_2014_624x351_ap_nocredit\" width=\"660\" height=\"371\" \/><\/strong><\/p>\n<p style=\"text-align: justify;\"><strong>El ministro del Interior, Jos\u00e9 Serrano<\/strong>, consider\u00f3 ayer como bastante probable que el <strong>narcotraficante mexicano Joaqu\u00edn &#8216;Chapo&#8217; Guzm\u00e1n<\/strong> haya estado en Ecuador hace diez a\u00f1os. El <strong>presidente Correa<\/strong> le pidi\u00f3 al ministro que confirmase esta hip\u00f3tesis durante un conversatorio que mantuvo con los corresponsales extranjeros.<\/p>\n<p style=\"text-align: justify;\">\n<p style=\"text-align: justify;\">Serrano indic\u00f3 que cuando se desarticul\u00f3 la llamada banda de Los Choneros, hace una d\u00e9cada, uno de sus integrantes era un funcionario del Registro Civil de la provincia de Manab\u00ed. &#8220;Su misi\u00f3n (la de ese funcionario) era justamente suplantar identidades y entregar c\u00e9dulas falsas en Ecuador&#8221;, revel\u00f3.<\/p>\n<p>&nbsp;<\/p>\n<p style=\"text-align: justify;\">Esto determin\u00f3 que &#8220;se establezca que aproximadamente entre 20 y 30 ciudadanos mexicanos hab\u00edan suplantado sus identidades para estar en el Ecuador y, obviamente, de acuerdo con informaci\u00f3n de Inteligencia se ha establecido que, posiblemente, uno de esos treinta mexicanos pudo haber sido Guzm\u00e1n&#8221;, apunt\u00f3.<\/p>\n<p style=\"text-align: justify;\">\n<p style=\"text-align: justify;\">Preguntado por la detenci\u00f3n del capo de la droga, Correa expres\u00f3 que la captura no cambia &#8220;en absoluto&#8221; la situaci\u00f3n del tr\u00e1fico de estupefacientes.<\/p>\n<p style=\"text-align: justify;\">\n<p style=\"text-align: justify;\">Para el gobernante, la estrategia actual en la lucha contra el narcotr\u00e1fico, &#8220;represiva, solamente contra los productores, ha sido un total fracaso&#8221;, por lo que considera que se deben buscar &#8220;nuevas alternativas&#8221;.<\/p>\n<p style=\"text-align: justify;\">\n<p>&#8220;Ya es hora de que se empiece tambi\u00e9n a combatir el consumo y a buscar nuevas estrategias para limitar la producci\u00f3n, pero sin la brutal represi\u00f3n que existe actualmente que, adem\u00e1s, deriva en otras formas de delito&#8221;. (I)<\/p>\n<p>&nbsp;<\/p>\n<p>Fuente: <a href=\"http:\/\/expreso.ec\/expreso\/plantillas\/nota.aspx?idart=8830881&amp;idcat=38473&amp;tipo=2\">http:\/\/expreso.ec\/expreso\/plantillas\/nota.aspx?idart=8830881&amp;idcat=38473&amp;tipo=2<\/a><\/p>\n","protected":false},"excerpt":{"rendered":"<p>&nbsp; El ministro del Interior, Jos\u00e9 Serrano, consider\u00f3 ayer como bastante probable que el narcotraficante mexicano Joaqu\u00edn &#8216;Chapo&#8217; Guzm\u00e1n haya estado en Ecuador hace diez a\u00f1os. El presidente Correa le pidi\u00f3 al ministro que confirmase esta hip\u00f3tesis durante un conversatorio que mantuvo con los corresponsales extranjeros. Serrano indic\u00f3 que cuando se desarticul\u00f3 la llamada banda de Los Choneros, hace una d\u00e9cada, uno de sus integrantes era un funcionario del Registro Civil de la provincia de Manab\u00ed. &#8220;Su misi\u00f3n (la de ese funcionario) era justamente suplantar identidades y entregar c\u00e9dulas falsas en Ecuador&#8221;, revel\u00f3. &nbsp; Esto determin\u00f3 que &#8220;se establezca que aproximadamente entre 20 y 30 ciudadanos mexicanos hab\u00edan suplantado sus identidades para estar en el Ecuador y, obviamente, de acuerdo con informaci\u00f3n de Inteligencia se ha establecido que, posiblemente, uno de esos treinta mexicanos pudo haber sido Guzm\u00e1n&#8221;, apunt\u00f3. Preguntado por la detenci\u00f3n del capo de la droga, Correa expres\u00f3 que la captura no cambia &#8220;en absoluto&#8221; la situaci\u00f3n del tr\u00e1fico de estupefacientes. Para el gobernante, la estrategia actual en la lucha contra el narcotr\u00e1fico, &#8220;represiva, solamente contra los productores, ha sido un total fracaso&#8221;, por lo que considera que se deben buscar &#8220;nuevas alternativas&#8221;. &#8220;Ya es hora de que se empiece tambi\u00e9n a combatir el consumo y a buscar nuevas estrategias para limitar la producci\u00f3n, pero sin la brutal represi\u00f3n que existe actualmente que, adem\u00e1s, deriva en otras formas de delito&#8221;. (I) &nbsp; Fuente: http:\/\/expreso.ec\/expreso\/plantillas\/nota.aspx?idart=8830881&amp;idcat=38473&amp;tipo=2<\/p>\n","protected":false},"author":1,"featured_media":237210,"comment_status":"open","ping_status":"open","sticky":false,"template":"","format":"standard","meta":[],"categories":[54,40],"tags":[],"_links":{"self":[{"href":"https:\/\/www.ecuadortimes.net\/es\/wp-json\/wp\/v2\/posts\/237209"}],"collection":[{"href":"https:\/\/www.ecuadortimes.net\/es\/wp-json\/wp\/v2\/posts"}],"about":[{"href":"https:\/\/www.ecuadortimes.net\/es\/wp-json\/wp\/v2\/types\/post"}],"author":[{"embeddable":true,"href":"https:\/\/www.ecuadortimes.net\/es\/wp-json\/wp\/v2\/users\/1"}],"replies":[{"embeddable":true,"href":"https:\/\/www.ecuadortimes.net\/es\/wp-json\/wp\/v2\/comments?post=237209"}],"version-history":[{"count":0,"href":"https:\/\/www.ecuadortimes.net\/es\/wp-json\/wp\/v2\/posts\/237209\/revisions"}],"wp:featuredmedia":[{"embeddable":true,"href":"https:\/\/www.ecuadortimes.net\/es\/wp-json\/wp\/v2\/media\/237210"}],"wp:attachment":[{"href":"https:\/\/www.ecuadortimes.net\/es\/wp-json\/wp\/v2\/media?parent=237209"}],"wp:term":[{"taxonomy":"category","embeddable":true,"href":"https:\/\/www.ecuadortimes.net\/es\/wp-json\/wp\/v2\/categories?post=237209"},{"taxonomy":"post_tag","embeddable":true,"href":"https:\/\/www.ecuadortimes.net\/es\/wp-json\/wp\/v2\/tags?post=237209"}],"curies":[{"name":"wp","href":"https:\/\/api.w.org\/{rel}","templated":true}]}}