{"id":237211,"date":"2016-01-21T00:00:00","date_gmt":"2016-01-21T00:00:00","guid":{"rendered":"https:\/\/www.ecuadortimes.net\/es\/la-ley-de-comunicacion-uno-de-los-ejes-de-la-precampana\/"},"modified":"2016-01-21T00:00:00","modified_gmt":"2016-01-21T00:00:00","slug":"la-ley-de-comunicacion-uno-de-los-ejes-de-la-precampana","status":"publish","type":"post","link":"https:\/\/www.ecuadortimes.net\/es\/la-ley-de-comunicacion-uno-de-los-ejes-de-la-precampana\/","title":{"rendered":"La Ley de Comunicaci\u00f3n, uno de los ejes de la precampa\u00f1a"},"content":{"rendered":"<p>&nbsp;<\/p>\n<div id=\"attachment_172464\" style=\"width: 310px\" class=\"wp-caption alignright\"><img aria-describedby=\"caption-attachment-172464\" loading=\"lazy\" class=\"size-medium wp-image-172464\" src=\"https:\/\/www.ecuadortimes.net\/es\/wp-content\/uploads\/2016\/01\/Captura-de-pantalla-2016-01-21-a-las-10.41.13-a.m.-300x207.png\" alt=\"Image: Expreso\" width=\"300\" height=\"207\" \/><p id=\"caption-attachment-172464\" class=\"wp-caption-text\">Image: Expreso<\/p><\/div>\n<p style=\"text-align: justify;\">La derogatoria de la <strong>Ley Org\u00e1nica de Comunicaci\u00f3n<\/strong> es ya uno de los principales ejes electorales esgrimidos por los frentes y organizaciones pol\u00edticas de oposici\u00f3n. En medio de sus m\u00faltiples diferencias todos coinciden, por lo expresado hasta ahora, en este punto. Para alcanzar su objetivo deber\u00e1n ganar la mayor\u00eda de la Asamblea en las elecciones presidenciales y legislativas de 2017.<\/p>\n<p style=\"text-align: justify;\">\n<p style=\"text-align: justify;\">El oficialismo, por contra, lo que quiere es endurecer la ley con el aumento de las sanciones econ\u00f3micas, en una especie de refrendo a la animadversi\u00f3n del presidente hacia la prensa, a la que califica como su principal enemigo.<\/p>\n<p style=\"text-align: justify;\">\n<p style=\"text-align: justify;\">Los intentos de modificar esa ley en la Asamblea no son nuevos. La legisladora Cynthia Viteri (PSC-Madera de Guerrero) fue la primera en presentar un proyecto de reforma que no fue calificado por la Comisi\u00f3n de Derechos Colectivos. Ayer, un segundo proyecto redactado por la asamble\u00edsta Mae Monta\u00f1o (CREO) fue analizado en dicha comisi\u00f3n con la presencia del superintendente de Comunicaci\u00f3n, Carlos Ochoa. (I)<\/p>\n<p style=\"text-align: justify;\">\n<p style=\"text-align: justify;\">Fuente: <a href=\"http:\/\/expreso.ec\/expreso\/plantillas\/nota.aspx?idart=8830655&amp;idcat=38269&amp;tipo=2\">http:\/\/expreso.ec\/expreso\/plantillas\/nota.aspx?idart=8830655&amp;idcat=38269&amp;tipo=2<\/a><\/p>\n","protected":false},"excerpt":{"rendered":"<p>&nbsp; La derogatoria de la Ley Org\u00e1nica de Comunicaci\u00f3n es ya uno de los principales ejes electorales esgrimidos por los frentes y organizaciones pol\u00edticas de oposici\u00f3n. En medio de sus m\u00faltiples diferencias todos coinciden, por lo expresado hasta ahora, en este punto. Para alcanzar su objetivo deber\u00e1n ganar la mayor\u00eda de la Asamblea en las elecciones presidenciales y legislativas de 2017. El oficialismo, por contra, lo que quiere es endurecer la ley con el aumento de las sanciones econ\u00f3micas, en una especie de refrendo a la animadversi\u00f3n del presidente hacia la prensa, a la que califica como su principal enemigo. Los intentos de modificar esa ley en la Asamblea no son nuevos. La legisladora Cynthia Viteri (PSC-Madera de Guerrero) fue la primera en presentar un proyecto de reforma que no fue calificado por la Comisi\u00f3n de Derechos Colectivos. Ayer, un segundo proyecto redactado por la asamble\u00edsta Mae Monta\u00f1o (CREO) fue analizado en dicha comisi\u00f3n con la presencia del superintendente de Comunicaci\u00f3n, Carlos Ochoa. (I) Fuente: http:\/\/expreso.ec\/expreso\/plantillas\/nota.aspx?idart=8830655&amp;idcat=38269&amp;tipo=2<\/p>\n","protected":false},"author":1,"featured_media":0,"comment_status":"open","ping_status":"open","sticky":false,"template":"","format":"standard","meta":[],"categories":[54,40],"tags":[],"_links":{"self":[{"href":"https:\/\/www.ecuadortimes.net\/es\/wp-json\/wp\/v2\/posts\/237211"}],"collection":[{"href":"https:\/\/www.ecuadortimes.net\/es\/wp-json\/wp\/v2\/posts"}],"about":[{"href":"https:\/\/www.ecuadortimes.net\/es\/wp-json\/wp\/v2\/types\/post"}],"author":[{"embeddable":true,"href":"https:\/\/www.ecuadortimes.net\/es\/wp-json\/wp\/v2\/users\/1"}],"replies":[{"embeddable":true,"href":"https:\/\/www.ecuadortimes.net\/es\/wp-json\/wp\/v2\/comments?post=237211"}],"version-history":[{"count":0,"href":"https:\/\/www.ecuadortimes.net\/es\/wp-json\/wp\/v2\/posts\/237211\/revisions"}],"wp:attachment":[{"href":"https:\/\/www.ecuadortimes.net\/es\/wp-json\/wp\/v2\/media?parent=237211"}],"wp:term":[{"taxonomy":"category","embeddable":true,"href":"https:\/\/www.ecuadortimes.net\/es\/wp-json\/wp\/v2\/categories?post=237211"},{"taxonomy":"post_tag","embeddable":true,"href":"https:\/\/www.ecuadortimes.net\/es\/wp-json\/wp\/v2\/tags?post=237211"}],"curies":[{"name":"wp","href":"https:\/\/api.w.org\/{rel}","templated":true}]}}