{"id":237214,"date":"2016-01-21T00:00:00","date_gmt":"2016-01-21T00:00:00","guid":{"rendered":"https:\/\/www.ecuadortimes.net\/es\/show-de-john-oliver-toma-frases-de-rafael-correa-y-donald-trump-para-promocionar-su-nueva-temporada\/"},"modified":"2016-01-21T00:00:00","modified_gmt":"2016-01-21T00:00:00","slug":"show-de-john-oliver-toma-frases-de-rafael-correa-y-donald-trump-para-promocionar-su-nueva-temporada","status":"publish","type":"post","link":"https:\/\/www.ecuadortimes.net\/es\/show-de-john-oliver-toma-frases-de-rafael-correa-y-donald-trump-para-promocionar-su-nueva-temporada\/","title":{"rendered":"Show de John Oliver toma frases de Rafael Correa y Donald Trump para promocionar su nueva temporada"},"content":{"rendered":"<p>&nbsp;<\/p>\n<p><img loading=\"lazy\" class=\"aligncenter wp-image-172473 size-full\" src=\"https:\/\/www.ecuadortimes.net\/es\/wp-content\/uploads\/2016\/01\/JOHN-OLIVER-ECUADORTIMES-ECUADORNEWS.jpeg\" alt=\"JOHN OLIVER-ECUADORTIMES-ECUADORNEWS\" width=\"612\" height=\"340\" \/><\/p>\n<p style=\"text-align: justify;\">\n<p style=\"text-align: justify;\"><strong>\u0098The last week Tonight\u0099<\/strong>, el programa del conocido comediante John Oliver volvi\u00f3 su mirada, otra vez, al presidente <strong>Rafael Correa<\/strong>. Ahora el programa public\u00f3 en su cuenta de Facebook una imagen con el presentador en el centro y a su alrededor frases de personajes como Donald Trump, Jack Warner y tambi\u00e9n del Mandatario.<\/p>\n<p style=\"text-align: justify;\">\n<p style=\"text-align: justify;\">La<strong> frase M\u00e1s antip\u00e1tico que un diur\u00e9tico\u009d<\/strong> fue tomada y resaltada en la presentaci\u00f3n que promociona la nueva temporada del programa, que se iniciar\u00e1 el 14 de febrero del 2016. Las palabras de Correa tambi\u00e9n aparecen en un video promocional en el que Oliver analiza cada cita, pero se salta y no habla sobre la de Correa. (I)<\/p>\n<p>&nbsp;<\/p>\n<p>Fuente: <a href=\"http:\/\/www.elcomercio.com\/actualidad\/show-oliver-frases-correa-television.html\">http:\/\/www.elcomercio.com\/actualidad\/show-oliver-frases-correa-television.html<\/a><\/p>\n","protected":false},"excerpt":{"rendered":"<p>&nbsp; \u0098The last week Tonight\u0099, el programa del conocido comediante John Oliver volvi\u00f3 su mirada, otra vez, al presidente Rafael Correa. Ahora el programa public\u00f3 en su cuenta de Facebook una imagen con el presentador en el centro y a su alrededor frases de personajes como Donald Trump, Jack Warner y tambi\u00e9n del Mandatario. La frase M\u00e1s antip\u00e1tico que un diur\u00e9tico\u009d fue tomada y resaltada en la presentaci\u00f3n que promociona la nueva temporada del programa, que se iniciar\u00e1 el 14 de febrero del 2016. Las palabras de Correa tambi\u00e9n aparecen en un video promocional en el que Oliver analiza cada cita, pero se salta y no habla sobre la de Correa. (I) &nbsp; Fuente: http:\/\/www.elcomercio.com\/actualidad\/show-oliver-frases-correa-television.html<\/p>\n","protected":false},"author":1,"featured_media":237215,"comment_status":"open","ping_status":"open","sticky":false,"template":"","format":"standard","meta":[],"categories":[54,36,40],"tags":[],"_links":{"self":[{"href":"https:\/\/www.ecuadortimes.net\/es\/wp-json\/wp\/v2\/posts\/237214"}],"collection":[{"href":"https:\/\/www.ecuadortimes.net\/es\/wp-json\/wp\/v2\/posts"}],"about":[{"href":"https:\/\/www.ecuadortimes.net\/es\/wp-json\/wp\/v2\/types\/post"}],"author":[{"embeddable":true,"href":"https:\/\/www.ecuadortimes.net\/es\/wp-json\/wp\/v2\/users\/1"}],"replies":[{"embeddable":true,"href":"https:\/\/www.ecuadortimes.net\/es\/wp-json\/wp\/v2\/comments?post=237214"}],"version-history":[{"count":0,"href":"https:\/\/www.ecuadortimes.net\/es\/wp-json\/wp\/v2\/posts\/237214\/revisions"}],"wp:featuredmedia":[{"embeddable":true,"href":"https:\/\/www.ecuadortimes.net\/es\/wp-json\/wp\/v2\/media\/237215"}],"wp:attachment":[{"href":"https:\/\/www.ecuadortimes.net\/es\/wp-json\/wp\/v2\/media?parent=237214"}],"wp:term":[{"taxonomy":"category","embeddable":true,"href":"https:\/\/www.ecuadortimes.net\/es\/wp-json\/wp\/v2\/categories?post=237214"},{"taxonomy":"post_tag","embeddable":true,"href":"https:\/\/www.ecuadortimes.net\/es\/wp-json\/wp\/v2\/tags?post=237214"}],"curies":[{"name":"wp","href":"https:\/\/api.w.org\/{rel}","templated":true}]}}