{"id":237221,"date":"2016-01-21T00:00:00","date_gmt":"2016-01-21T00:00:00","guid":{"rendered":"https:\/\/www.ecuadortimes.net\/es\/jubilados-emprenden-camino-para-lograr-cambios-en-iess\/"},"modified":"2016-01-21T00:00:00","modified_gmt":"2016-01-21T00:00:00","slug":"jubilados-emprenden-camino-para-lograr-cambios-en-iess","status":"publish","type":"post","link":"https:\/\/www.ecuadortimes.net\/es\/jubilados-emprenden-camino-para-lograr-cambios-en-iess\/","title":{"rendered":"Jubilados emprenden camino para lograr cambios en IESS"},"content":{"rendered":"<p>&nbsp;<\/p>\n<p style=\"text-align: justify;\">Desde las 10:00 una veintena de jubilados, extrabajadores del IESS y miembros de la <strong>Coordinadora de Organizaciones de Jubilados del Ecuador (Corjupe)<\/strong>, se congregaron en el lugar para arrancar con la campa\u00f1a de recolecci\u00f3n de las r\u00fabricas para impulsar el tr\u00e1mite del proyecto en la Asamblea, como iniciativa ciudadana. Necesitan al menos 30 mil.<\/p>\n<p style=\"text-align: justify;\">\n<p style=\"text-align: justify;\">El presidente de la Coordinadora, Francisco Ortiz, explic\u00f3 que la recopilaci\u00f3n durar\u00e1 hasta mayo y que la meta son 70 mil, por si el<strong> CNE<\/strong> descarta algunas de ellas.<\/p>\n<p style=\"text-align: justify;\">\n<p style=\"text-align: justify;\">Su proyecto plantea el cambio de estructura del <strong>Consejo Directivo del IESS<\/strong> en el que ya no intervendr\u00edan ni los empleadores ni el Gobierno, sino profesionales de la salud, expertos en arquitectura financiera y en gesti\u00f3n de empresas. Sus miembros ser\u00edan elegidos por un Congreso Nacional de Afiliados. Adem\u00e1s se plantea que hasta que el Estado est\u00e9 al d\u00eda en sus pagos, el Biess no le entregue m\u00e1s cr\u00e9ditos y que se vuelva a pagar el 40% de aportaci\u00f3n estatal a pensiones. (I)<\/p>\n<p style=\"text-align: justify;\">\n<p>Fuente: <a href=\"http:\/\/www.eluniverso.com\/noticias\/2016\/01\/21\/nota\/5358253\/jubilados-emprenden-camino-lograr-cambios-iess\">http:\/\/www.eluniverso.com\/noticias\/2016\/01\/21\/nota\/5358253\/jubilados-emprenden-camino-lograr-cambios-iess<\/a><\/p>\n<p>&nbsp;<\/p>\n","protected":false},"excerpt":{"rendered":"<p>&nbsp; Desde las 10:00 una veintena de jubilados, extrabajadores del IESS y miembros de la Coordinadora de Organizaciones de Jubilados del Ecuador (Corjupe), se congregaron en el lugar para arrancar con la campa\u00f1a de recolecci\u00f3n de las r\u00fabricas para impulsar el tr\u00e1mite del proyecto en la Asamblea, como iniciativa ciudadana. Necesitan al menos 30 mil. El presidente de la Coordinadora, Francisco Ortiz, explic\u00f3 que la recopilaci\u00f3n durar\u00e1 hasta mayo y que la meta son 70 mil, por si el CNE descarta algunas de ellas. Su proyecto plantea el cambio de estructura del Consejo Directivo del IESS en el que ya no intervendr\u00edan ni los empleadores ni el Gobierno, sino profesionales de la salud, expertos en arquitectura financiera y en gesti\u00f3n de empresas. Sus miembros ser\u00edan elegidos por un Congreso Nacional de Afiliados. Adem\u00e1s se plantea que hasta que el Estado est\u00e9 al d\u00eda en sus pagos, el Biess no le entregue m\u00e1s cr\u00e9ditos y que se vuelva a pagar el 40% de aportaci\u00f3n estatal a pensiones. (I) Fuente: http:\/\/www.eluniverso.com\/noticias\/2016\/01\/21\/nota\/5358253\/jubilados-emprenden-camino-lograr-cambios-iess &nbsp;<\/p>\n","protected":false},"author":1,"featured_media":237222,"comment_status":"open","ping_status":"open","sticky":false,"template":"","format":"standard","meta":[],"categories":[35],"tags":[],"_links":{"self":[{"href":"https:\/\/www.ecuadortimes.net\/es\/wp-json\/wp\/v2\/posts\/237221"}],"collection":[{"href":"https:\/\/www.ecuadortimes.net\/es\/wp-json\/wp\/v2\/posts"}],"about":[{"href":"https:\/\/www.ecuadortimes.net\/es\/wp-json\/wp\/v2\/types\/post"}],"author":[{"embeddable":true,"href":"https:\/\/www.ecuadortimes.net\/es\/wp-json\/wp\/v2\/users\/1"}],"replies":[{"embeddable":true,"href":"https:\/\/www.ecuadortimes.net\/es\/wp-json\/wp\/v2\/comments?post=237221"}],"version-history":[{"count":0,"href":"https:\/\/www.ecuadortimes.net\/es\/wp-json\/wp\/v2\/posts\/237221\/revisions"}],"wp:featuredmedia":[{"embeddable":true,"href":"https:\/\/www.ecuadortimes.net\/es\/wp-json\/wp\/v2\/media\/237222"}],"wp:attachment":[{"href":"https:\/\/www.ecuadortimes.net\/es\/wp-json\/wp\/v2\/media?parent=237221"}],"wp:term":[{"taxonomy":"category","embeddable":true,"href":"https:\/\/www.ecuadortimes.net\/es\/wp-json\/wp\/v2\/categories?post=237221"},{"taxonomy":"post_tag","embeddable":true,"href":"https:\/\/www.ecuadortimes.net\/es\/wp-json\/wp\/v2\/tags?post=237221"}],"curies":[{"name":"wp","href":"https:\/\/api.w.org\/{rel}","templated":true}]}}