{"id":237225,"date":"2016-01-22T00:00:00","date_gmt":"2016-01-22T00:00:00","guid":{"rendered":"https:\/\/www.ecuadortimes.net\/es\/las-aspiraciones-de-ecuador-en-la-opep-no-se-cumplen\/"},"modified":"2016-01-22T00:00:00","modified_gmt":"2016-01-22T00:00:00","slug":"las-aspiraciones-de-ecuador-en-la-opep-no-se-cumplen","status":"publish","type":"post","link":"https:\/\/www.ecuadortimes.net\/es\/las-aspiraciones-de-ecuador-en-la-opep-no-se-cumplen\/","title":{"rendered":"Las aspiraciones de Ecuador en la OPEP no se cumplen"},"content":{"rendered":"<p>&nbsp;<\/p>\n<p style=\"text-align: justify;\">Uno de los principales objetivos por los que Ecuador regres\u00f3 a la <strong>Organizaci\u00f3n de Pa\u00edses Exportadores de Petr\u00f3leo (OPEP)<\/strong> no se ha cumplido en la \u00faltima coyuntura de precios bajos para el crudo.<\/p>\n<p style=\"text-align: justify;\">\n<p style=\"text-align: justify;\">En octubre del 2007, cuando el pa\u00eds regres\u00f3 al cartel luego de 15 a\u00f1os de ausencia, su principal aspiraci\u00f3n era beneficiarse de las pol\u00edticas de comercio exterior respecto al crudo que el grupo pudiera tomar en coyunturas negativas para lograr precios justos en el barril.<\/p>\n<p>&nbsp;<\/p>\n<p>Si bien en el 2009, la <strong>OPEP<\/strong> lleg\u00f3 a una decisi\u00f3n de recortar la producci\u00f3n para recuperar los precios, en el \u00faltimo a\u00f1o y medio de ca\u00edda del barril ha pesado m\u00e1s la decisi\u00f3n de productores fuertes como <strong>Arabia Saudita<\/strong> y el grupo se ha mantenido pasivo respecto a un posible recorte de la oferta. (I)<\/p>\n<p>&nbsp;<\/p>\n<p>Fuente: <a href=\"http:\/\/www.elcomercio.com\/actualidad\/aspiraciones-ecuador-opep-petroleo-precio.html\">http:\/\/www.elcomercio.com\/actualidad\/aspiraciones-ecuador-opep-petroleo-precio.html<\/a><\/p>\n","protected":false},"excerpt":{"rendered":"<p>&nbsp; Uno de los principales objetivos por los que Ecuador regres\u00f3 a la Organizaci\u00f3n de Pa\u00edses Exportadores de Petr\u00f3leo (OPEP) no se ha cumplido en la \u00faltima coyuntura de precios bajos para el crudo. En octubre del 2007, cuando el pa\u00eds regres\u00f3 al cartel luego de 15 a\u00f1os de ausencia, su principal aspiraci\u00f3n era beneficiarse de las pol\u00edticas de comercio exterior respecto al crudo que el grupo pudiera tomar en coyunturas negativas para lograr precios justos en el barril. &nbsp; Si bien en el 2009, la OPEP lleg\u00f3 a una decisi\u00f3n de recortar la producci\u00f3n para recuperar los precios, en el \u00faltimo a\u00f1o y medio de ca\u00edda del barril ha pesado m\u00e1s la decisi\u00f3n de productores fuertes como Arabia Saudita y el grupo se ha mantenido pasivo respecto a un posible recorte de la oferta. (I) &nbsp; Fuente: http:\/\/www.elcomercio.com\/actualidad\/aspiraciones-ecuador-opep-petroleo-precio.html<\/p>\n","protected":false},"author":1,"featured_media":237226,"comment_status":"open","ping_status":"open","sticky":false,"template":"","format":"standard","meta":[],"categories":[54,43],"tags":[],"_links":{"self":[{"href":"https:\/\/www.ecuadortimes.net\/es\/wp-json\/wp\/v2\/posts\/237225"}],"collection":[{"href":"https:\/\/www.ecuadortimes.net\/es\/wp-json\/wp\/v2\/posts"}],"about":[{"href":"https:\/\/www.ecuadortimes.net\/es\/wp-json\/wp\/v2\/types\/post"}],"author":[{"embeddable":true,"href":"https:\/\/www.ecuadortimes.net\/es\/wp-json\/wp\/v2\/users\/1"}],"replies":[{"embeddable":true,"href":"https:\/\/www.ecuadortimes.net\/es\/wp-json\/wp\/v2\/comments?post=237225"}],"version-history":[{"count":0,"href":"https:\/\/www.ecuadortimes.net\/es\/wp-json\/wp\/v2\/posts\/237225\/revisions"}],"wp:featuredmedia":[{"embeddable":true,"href":"https:\/\/www.ecuadortimes.net\/es\/wp-json\/wp\/v2\/media\/237226"}],"wp:attachment":[{"href":"https:\/\/www.ecuadortimes.net\/es\/wp-json\/wp\/v2\/media?parent=237225"}],"wp:term":[{"taxonomy":"category","embeddable":true,"href":"https:\/\/www.ecuadortimes.net\/es\/wp-json\/wp\/v2\/categories?post=237225"},{"taxonomy":"post_tag","embeddable":true,"href":"https:\/\/www.ecuadortimes.net\/es\/wp-json\/wp\/v2\/tags?post=237225"}],"curies":[{"name":"wp","href":"https:\/\/api.w.org\/{rel}","templated":true}]}}