{"id":237227,"date":"2016-01-22T00:00:00","date_gmt":"2016-01-22T00:00:00","guid":{"rendered":"https:\/\/www.ecuadortimes.net\/es\/el-monarca-dejo-al-descubierto-15-toneladas-de-droga-mezclada-con-arcilla\/"},"modified":"2016-01-22T00:00:00","modified_gmt":"2016-01-22T00:00:00","slug":"el-monarca-dejo-al-descubierto-15-toneladas-de-droga-mezclada-con-arcilla","status":"publish","type":"post","link":"https:\/\/www.ecuadortimes.net\/es\/el-monarca-dejo-al-descubierto-15-toneladas-de-droga-mezclada-con-arcilla\/","title":{"rendered":"El &#8216;Monarca&#8217; dej\u00f3 al descubierto 1,5 toneladas de droga mezclada con arcilla"},"content":{"rendered":"<p>&nbsp;<\/p>\n<p style=\"text-align: justify;\">La primera gran captura de droga del a\u00f1o se dio en el operativo &#8216;Monarca&#8217;. La polic\u00eda incaut\u00f3 1,5 toneladas de coca\u00edna y detuvo a diez sospechosos de integrar una red internacional de tr\u00e1fico de estupefacientes.<\/p>\n<p style=\"text-align: justify;\">\n<div id=\"attachment_172499\" style=\"width: 269px\" class=\"wp-caption alignright\"><img aria-describedby=\"caption-attachment-172499\" loading=\"lazy\" class=\"size-medium wp-image-172499\" src=\"https:\/\/www.ecuadortimes.net\/es\/wp-content\/uploads\/2016\/01\/Captura-de-pantalla-2016-01-22-a-las-9.38.46-a.m.-259x300.png\" alt=\"Image: Expreso\" width=\"259\" height=\"300\" \/><p id=\"caption-attachment-172499\" class=\"wp-caption-text\">Image: Expreso<\/p><\/div>\n<p style=\"text-align: justify;\">El operativo se cumpli\u00f3 la noche del mi\u00e9rcoles y madrugada de ayer en las provincias de Santo Domingo, Manab\u00ed, Guayas y Los R\u00edos, inform\u00f3 el director nacional de Antinarc\u00f3ticos, Edmundo Moncayo.<\/p>\n<p style=\"text-align: justify;\">\n<p style=\"text-align: justify;\">Los detenidos son seis ecuatorianos y cuatro colombianos que integraban cuatro niveles en la organizaci\u00f3n: financistas, transportistas, coordinadores, acopiadores y seguridad.<\/p>\n<p style=\"text-align: justify;\">\n<p style=\"text-align: justify;\">Seg\u00fan Moncayo, la droga era acopiada temporalmente en fincas de los cantones El Carmen, Buena Fe y Santo Domingo. Luego, el alcaloide era llevado en camiones y camionetas.<\/p>\n<p style=\"text-align: justify;\">\n<p>Sacos de yute rellenos de arcilla sirvieron para el transporte hacia el puerto de Guayaquil. La sustancia il\u00edcita estaba en 1.300 paquetes que deb\u00edan ser introducidos en cuatro contenedores, con destino a cuatro naciones del norte de Europa. La arcilla iba a Corea. Una empresa exportadora es investigada. (I)<\/p>\n<p>&nbsp;<\/p>\n<p>Fuente: <a href=\"http:\/\/expreso.ec\/expreso\/plantillas\/nota.aspx?idart=8833145&amp;idcat=38473&amp;tipo=2\">http:\/\/expreso.ec\/expreso\/plantillas\/nota.aspx?idart=8833145&amp;idcat=38473&amp;tipo=2<\/a><\/p>\n","protected":false},"excerpt":{"rendered":"<p>&nbsp; La primera gran captura de droga del a\u00f1o se dio en el operativo &#8216;Monarca&#8217;. La polic\u00eda incaut\u00f3 1,5 toneladas de coca\u00edna y detuvo a diez sospechosos de integrar una red internacional de tr\u00e1fico de estupefacientes. El operativo se cumpli\u00f3 la noche del mi\u00e9rcoles y madrugada de ayer en las provincias de Santo Domingo, Manab\u00ed, Guayas y Los R\u00edos, inform\u00f3 el director nacional de Antinarc\u00f3ticos, Edmundo Moncayo. Los detenidos son seis ecuatorianos y cuatro colombianos que integraban cuatro niveles en la organizaci\u00f3n: financistas, transportistas, coordinadores, acopiadores y seguridad. Seg\u00fan Moncayo, la droga era acopiada temporalmente en fincas de los cantones El Carmen, Buena Fe y Santo Domingo. Luego, el alcaloide era llevado en camiones y camionetas. Sacos de yute rellenos de arcilla sirvieron para el transporte hacia el puerto de Guayaquil. La sustancia il\u00edcita estaba en 1.300 paquetes que deb\u00edan ser introducidos en cuatro contenedores, con destino a cuatro naciones del norte de Europa. La arcilla iba a Corea. Una empresa exportadora es investigada. (I) &nbsp; Fuente: http:\/\/expreso.ec\/expreso\/plantillas\/nota.aspx?idart=8833145&amp;idcat=38473&amp;tipo=2<\/p>\n","protected":false},"author":1,"featured_media":0,"comment_status":"open","ping_status":"open","sticky":false,"template":"","format":"standard","meta":[],"categories":[40],"tags":[],"_links":{"self":[{"href":"https:\/\/www.ecuadortimes.net\/es\/wp-json\/wp\/v2\/posts\/237227"}],"collection":[{"href":"https:\/\/www.ecuadortimes.net\/es\/wp-json\/wp\/v2\/posts"}],"about":[{"href":"https:\/\/www.ecuadortimes.net\/es\/wp-json\/wp\/v2\/types\/post"}],"author":[{"embeddable":true,"href":"https:\/\/www.ecuadortimes.net\/es\/wp-json\/wp\/v2\/users\/1"}],"replies":[{"embeddable":true,"href":"https:\/\/www.ecuadortimes.net\/es\/wp-json\/wp\/v2\/comments?post=237227"}],"version-history":[{"count":0,"href":"https:\/\/www.ecuadortimes.net\/es\/wp-json\/wp\/v2\/posts\/237227\/revisions"}],"wp:attachment":[{"href":"https:\/\/www.ecuadortimes.net\/es\/wp-json\/wp\/v2\/media?parent=237227"}],"wp:term":[{"taxonomy":"category","embeddable":true,"href":"https:\/\/www.ecuadortimes.net\/es\/wp-json\/wp\/v2\/categories?post=237227"},{"taxonomy":"post_tag","embeddable":true,"href":"https:\/\/www.ecuadortimes.net\/es\/wp-json\/wp\/v2\/tags?post=237227"}],"curies":[{"name":"wp","href":"https:\/\/api.w.org\/{rel}","templated":true}]}}