{"id":237228,"date":"2016-01-22T00:00:00","date_gmt":"2016-01-22T00:00:00","guid":{"rendered":"https:\/\/www.ecuadortimes.net\/es\/alianza-pais-no-sesionara-en-comision-hasta-que-fernando-bustamante-dimita\/"},"modified":"2016-01-22T00:00:00","modified_gmt":"2016-01-22T00:00:00","slug":"alianza-pais-no-sesionara-en-comision-hasta-que-fernando-bustamante-dimita","status":"publish","type":"post","link":"https:\/\/www.ecuadortimes.net\/es\/alianza-pais-no-sesionara-en-comision-hasta-que-fernando-bustamante-dimita\/","title":{"rendered":"Alianza PAIS no sesionar\u00e1 en Comisi\u00f3n hasta que Fernando Bustamante dimita"},"content":{"rendered":"<p><strong>\u00a0<\/strong><\/p>\n<div id=\"attachment_172502\" style=\"width: 970px\" class=\"wp-caption aligncenter\"><img aria-describedby=\"caption-attachment-172502\" loading=\"lazy\" class=\"wp-image-172502 size-large\" src=\"https:\/\/www.ecuadortimes.net\/es\/wp-content\/uploads\/2016\/01\/pr03e220116photo01-1024x600.jpg\" alt=\"Imagen: El Universo\" width=\"960\" height=\"563\" \/><p id=\"caption-attachment-172502\" class=\"wp-caption-text\">Imagen: El Universo<\/p><\/div>\n<p style=\"text-align: justify;\">La mayor\u00eda de <strong>Alianza PAIS (AP) en la Comisi\u00f3n de Relaciones Internacionales<\/strong> no sesionar\u00e1 hasta que su presidente, Fernando Bustamante, renuncie.<\/p>\n<p style=\"text-align: justify;\">\n<p style=\"text-align: justify;\">Mar\u00eda Augusta Calle (AP), vicepresidenta, dijo que los integrantes oficialistas han dicho a Bustamante que quisieran que no la siga presidiendo.<\/p>\n<p style=\"text-align: justify;\">\n<p style=\"text-align: justify;\">Su colega Linda Machuca (AP), tambi\u00e9n miembro de la Mesa, agreg\u00f3 que las relaciones de trabajo se basan en la confianza, que en este momento tienen dudas del compromiso de Bustamante y que el acuerdo es que la Comisi\u00f3n no se re\u00fana mientras eso no se resuelva.<\/p>\n<p style=\"text-align: justify;\">\n<p style=\"text-align: justify;\">&#8230; Por el momento, para que la Comisi\u00f3n funcione, deber\u00eda tener al frente como presidente a quien goce de la confianza de todos sus miembros\u009d, dijo. (I)<\/p>\n<p>&nbsp;<\/p>\n<p>Fuente: <a href=\"http:\/\/www.eluniverso.com\/noticias\/2016\/01\/22\/nota\/5359285\/ap-no-sesionara-comision-hasta-que-bustamante-dimita\">http:\/\/www.eluniverso.com\/noticias\/2016\/01\/22\/nota\/5359285\/ap-no-sesionara-comision-hasta-que-bustamante-dimita<\/a><\/p>\n<p>&nbsp;<\/p>\n<p>&nbsp;<\/p>\n","protected":false},"excerpt":{"rendered":"<p>\u00a0 La mayor\u00eda de Alianza PAIS (AP) en la Comisi\u00f3n de Relaciones Internacionales no sesionar\u00e1 hasta que su presidente, Fernando Bustamante, renuncie. Mar\u00eda Augusta Calle (AP), vicepresidenta, dijo que los integrantes oficialistas han dicho a Bustamante que quisieran que no la siga presidiendo. Su colega Linda Machuca (AP), tambi\u00e9n miembro de la Mesa, agreg\u00f3 que las relaciones de trabajo se basan en la confianza, que en este momento tienen dudas del compromiso de Bustamante y que el acuerdo es que la Comisi\u00f3n no se re\u00fana mientras eso no se resuelva. &#8230; Por el momento, para que la Comisi\u00f3n funcione, deber\u00eda tener al frente como presidente a quien goce de la confianza de todos sus miembros\u009d, dijo. (I) &nbsp; Fuente: http:\/\/www.eluniverso.com\/noticias\/2016\/01\/22\/nota\/5359285\/ap-no-sesionara-comision-hasta-que-bustamante-dimita &nbsp; &nbsp;<\/p>\n","protected":false},"author":1,"featured_media":237229,"comment_status":"open","ping_status":"open","sticky":false,"template":"","format":"standard","meta":[],"categories":[54,40],"tags":[],"_links":{"self":[{"href":"https:\/\/www.ecuadortimes.net\/es\/wp-json\/wp\/v2\/posts\/237228"}],"collection":[{"href":"https:\/\/www.ecuadortimes.net\/es\/wp-json\/wp\/v2\/posts"}],"about":[{"href":"https:\/\/www.ecuadortimes.net\/es\/wp-json\/wp\/v2\/types\/post"}],"author":[{"embeddable":true,"href":"https:\/\/www.ecuadortimes.net\/es\/wp-json\/wp\/v2\/users\/1"}],"replies":[{"embeddable":true,"href":"https:\/\/www.ecuadortimes.net\/es\/wp-json\/wp\/v2\/comments?post=237228"}],"version-history":[{"count":0,"href":"https:\/\/www.ecuadortimes.net\/es\/wp-json\/wp\/v2\/posts\/237228\/revisions"}],"wp:featuredmedia":[{"embeddable":true,"href":"https:\/\/www.ecuadortimes.net\/es\/wp-json\/wp\/v2\/media\/237229"}],"wp:attachment":[{"href":"https:\/\/www.ecuadortimes.net\/es\/wp-json\/wp\/v2\/media?parent=237228"}],"wp:term":[{"taxonomy":"category","embeddable":true,"href":"https:\/\/www.ecuadortimes.net\/es\/wp-json\/wp\/v2\/categories?post=237228"},{"taxonomy":"post_tag","embeddable":true,"href":"https:\/\/www.ecuadortimes.net\/es\/wp-json\/wp\/v2\/tags?post=237228"}],"curies":[{"name":"wp","href":"https:\/\/api.w.org\/{rel}","templated":true}]}}