{"id":237232,"date":"2016-01-22T00:00:00","date_gmt":"2016-01-22T00:00:00","guid":{"rendered":"https:\/\/www.ecuadortimes.net\/es\/ministerio-de-salud-confirmo-doce-casos-de-zika-en-el-pais\/"},"modified":"2016-01-22T00:00:00","modified_gmt":"2016-01-22T00:00:00","slug":"ministerio-de-salud-confirmo-doce-casos-de-zika-en-el-pais","status":"publish","type":"post","link":"https:\/\/www.ecuadortimes.net\/es\/ministerio-de-salud-confirmo-doce-casos-de-zika-en-el-pais\/","title":{"rendered":"Ministerio de Salud confirm\u00f3 doce casos de zika en el pa\u00eds"},"content":{"rendered":"<p>&nbsp;<\/p>\n<div id=\"attachment_172514\" style=\"width: 310px\" class=\"wp-caption alignright\"><img aria-describedby=\"caption-attachment-172514\" loading=\"lazy\" class=\"size-medium wp-image-172514\" src=\"https:\/\/www.ecuadortimes.net\/es\/wp-content\/uploads\/2016\/01\/Captura-de-pantalla-2016-01-22-a-las-10.26.35-a.m.-300x196.png\" alt=\"Imagen: El Universo\" width=\"300\" height=\"196\" \/><p id=\"caption-attachment-172514\" class=\"wp-caption-text\">Imagen: El Universo<\/p><\/div>\n<p style=\"text-align: justify;\">Hasta la actualidad se han notificado doce casos confirmados de <strong>zika<\/strong> en el pa\u00eds: siete son aut\u00f3ctonos y cinco importados, inform\u00f3 a trav\u00e9s de un comunicado de prensa el <strong>Ministerio de Salud P\u00fablica (MSP).<\/strong><\/p>\n<p style=\"text-align: justify;\">Se indic\u00f3, adem\u00e1s, que todos los infectados han recibido el tratamiento respectivo y se recuperan en sus domicilios.<\/p>\n<p style=\"text-align: justify;\">Mientras, a nivel nacional se estar\u00edan implementando medidas para evitar la proliferaci\u00f3n del virus, se\u00f1ala el bolet\u00edn.<\/p>\n<p style=\"text-align: justify;\">Los distritos de salud de <strong>El Oro<\/strong> realizan fumigaciones y visitas a zonas rurales y urbanas para destruir los criaderos del mosquito (Aedes aegypti), portador de la enfermedad. (I)<\/p>\n<p>Fuente: <a href=\"http:\/\/www.eluniverso.com\/noticias\/2016\/01\/22\/nota\/5359192\/ministerio-salud-confirmo-doce-casos-zika-pais\">http:\/\/www.eluniverso.com\/noticias\/2016\/01\/22\/nota\/5359192\/ministerio-salud-confirmo-doce-casos-zika-pais<\/a><\/p>\n","protected":false},"excerpt":{"rendered":"<p>&nbsp; Hasta la actualidad se han notificado doce casos confirmados de zika en el pa\u00eds: siete son aut\u00f3ctonos y cinco importados, inform\u00f3 a trav\u00e9s de un comunicado de prensa el Ministerio de Salud P\u00fablica (MSP). Se indic\u00f3, adem\u00e1s, que todos los infectados han recibido el tratamiento respectivo y se recuperan en sus domicilios. Mientras, a nivel nacional se estar\u00edan implementando medidas para evitar la proliferaci\u00f3n del virus, se\u00f1ala el bolet\u00edn. Los distritos de salud de El Oro realizan fumigaciones y visitas a zonas rurales y urbanas para destruir los criaderos del mosquito (Aedes aegypti), portador de la enfermedad. (I) Fuente: http:\/\/www.eluniverso.com\/noticias\/2016\/01\/22\/nota\/5359192\/ministerio-salud-confirmo-doce-casos-zika-pais<\/p>\n","protected":false},"author":1,"featured_media":0,"comment_status":"open","ping_status":"open","sticky":false,"template":"","format":"standard","meta":[],"categories":[54,35],"tags":[],"_links":{"self":[{"href":"https:\/\/www.ecuadortimes.net\/es\/wp-json\/wp\/v2\/posts\/237232"}],"collection":[{"href":"https:\/\/www.ecuadortimes.net\/es\/wp-json\/wp\/v2\/posts"}],"about":[{"href":"https:\/\/www.ecuadortimes.net\/es\/wp-json\/wp\/v2\/types\/post"}],"author":[{"embeddable":true,"href":"https:\/\/www.ecuadortimes.net\/es\/wp-json\/wp\/v2\/users\/1"}],"replies":[{"embeddable":true,"href":"https:\/\/www.ecuadortimes.net\/es\/wp-json\/wp\/v2\/comments?post=237232"}],"version-history":[{"count":0,"href":"https:\/\/www.ecuadortimes.net\/es\/wp-json\/wp\/v2\/posts\/237232\/revisions"}],"wp:attachment":[{"href":"https:\/\/www.ecuadortimes.net\/es\/wp-json\/wp\/v2\/media?parent=237232"}],"wp:term":[{"taxonomy":"category","embeddable":true,"href":"https:\/\/www.ecuadortimes.net\/es\/wp-json\/wp\/v2\/categories?post=237232"},{"taxonomy":"post_tag","embeddable":true,"href":"https:\/\/www.ecuadortimes.net\/es\/wp-json\/wp\/v2\/tags?post=237232"}],"curies":[{"name":"wp","href":"https:\/\/api.w.org\/{rel}","templated":true}]}}