{"id":237235,"date":"2016-01-22T00:00:00","date_gmt":"2016-01-22T00:00:00","guid":{"rendered":"https:\/\/www.ecuadortimes.net\/es\/funcionarios-rinden-cuentas-en-asamblea\/"},"modified":"2016-01-22T00:00:00","modified_gmt":"2016-01-22T00:00:00","slug":"funcionarios-rinden-cuentas-en-asamblea","status":"publish","type":"post","link":"https:\/\/www.ecuadortimes.net\/es\/funcionarios-rinden-cuentas-en-asamblea\/","title":{"rendered":"Funcionarios rinden cuentas en Asamblea"},"content":{"rendered":"<p>&nbsp;<\/p>\n<p style=\"text-align: justify;\">El fiscal general <strong>Galo Chiriboga<\/strong> manifest\u00f3 que se dictaron 25 sentencias por diferentes delitos cometidos el 30 de septiembre del 2010, fecha en que se produjo una sublevaci\u00f3n policial, y est\u00e1n pendientes cuatro casos m\u00e1s que se despachar\u00edan en este a\u00f1o.<\/p>\n<p style=\"text-align: justify;\">El fiscal hizo esta declaraci\u00f3n en el pleno de la Asamblea, donde present\u00f3 ayer su informe de labores anual, al igual que los titulares de las <strong>Funciones de Transparencia y Electoral, del Consejo de la Judicatura, y la Defensor\u00eda P\u00fablica<\/strong>.<\/p>\n<p style=\"text-align: justify;\">Entre otros datos, Chiriboga dijo que sobre el problema de violencia de g\u00e9nero, se crearon 50 unidades especializadas, y que se adopt\u00f3 el Protocolo Latinoamericano de Investigaci\u00f3n de <strong>Muertes Violentas de Mujeres por Razones de G\u00e9nero de las Naciones Unidas<\/strong>.<\/p>\n<p style=\"text-align: justify;\">Y anunci\u00f3 que el pr\u00f3ximo 17 de febrero se realizar\u00e1 la audiencia de juzgamiento por el caso de supuestos delitos de lesa humanidad contra exmiembros del grupo insurgente <strong>Alfaro Vive Carajo (AVC)<\/strong>.<\/p>\n<p>(I)<\/p>\n<p>&nbsp;<\/p>\n<p>Fuente: <a href=\"http:\/\/www.eluniverso.com\/noticias\/2016\/01\/22\/nota\/5359297\/funcionarios-rinden-cuentas-asamblea\">http:\/\/www.eluniverso.com\/noticias\/2016\/01\/22\/nota\/5359297\/funcionarios-rinden-cuentas-asamblea<\/a><\/p>\n","protected":false},"excerpt":{"rendered":"<p>&nbsp; El fiscal general Galo Chiriboga manifest\u00f3 que se dictaron 25 sentencias por diferentes delitos cometidos el 30 de septiembre del 2010, fecha en que se produjo una sublevaci\u00f3n policial, y est\u00e1n pendientes cuatro casos m\u00e1s que se despachar\u00edan en este a\u00f1o. El fiscal hizo esta declaraci\u00f3n en el pleno de la Asamblea, donde present\u00f3 ayer su informe de labores anual, al igual que los titulares de las Funciones de Transparencia y Electoral, del Consejo de la Judicatura, y la Defensor\u00eda P\u00fablica. Entre otros datos, Chiriboga dijo que sobre el problema de violencia de g\u00e9nero, se crearon 50 unidades especializadas, y que se adopt\u00f3 el Protocolo Latinoamericano de Investigaci\u00f3n de Muertes Violentas de Mujeres por Razones de G\u00e9nero de las Naciones Unidas. Y anunci\u00f3 que el pr\u00f3ximo 17 de febrero se realizar\u00e1 la audiencia de juzgamiento por el caso de supuestos delitos de lesa humanidad contra exmiembros del grupo insurgente Alfaro Vive Carajo (AVC). (I) &nbsp; Fuente: http:\/\/www.eluniverso.com\/noticias\/2016\/01\/22\/nota\/5359297\/funcionarios-rinden-cuentas-asamblea<\/p>\n","protected":false},"author":1,"featured_media":237236,"comment_status":"open","ping_status":"open","sticky":false,"template":"","format":"standard","meta":[],"categories":[54,40],"tags":[],"_links":{"self":[{"href":"https:\/\/www.ecuadortimes.net\/es\/wp-json\/wp\/v2\/posts\/237235"}],"collection":[{"href":"https:\/\/www.ecuadortimes.net\/es\/wp-json\/wp\/v2\/posts"}],"about":[{"href":"https:\/\/www.ecuadortimes.net\/es\/wp-json\/wp\/v2\/types\/post"}],"author":[{"embeddable":true,"href":"https:\/\/www.ecuadortimes.net\/es\/wp-json\/wp\/v2\/users\/1"}],"replies":[{"embeddable":true,"href":"https:\/\/www.ecuadortimes.net\/es\/wp-json\/wp\/v2\/comments?post=237235"}],"version-history":[{"count":0,"href":"https:\/\/www.ecuadortimes.net\/es\/wp-json\/wp\/v2\/posts\/237235\/revisions"}],"wp:featuredmedia":[{"embeddable":true,"href":"https:\/\/www.ecuadortimes.net\/es\/wp-json\/wp\/v2\/media\/237236"}],"wp:attachment":[{"href":"https:\/\/www.ecuadortimes.net\/es\/wp-json\/wp\/v2\/media?parent=237235"}],"wp:term":[{"taxonomy":"category","embeddable":true,"href":"https:\/\/www.ecuadortimes.net\/es\/wp-json\/wp\/v2\/categories?post=237235"},{"taxonomy":"post_tag","embeddable":true,"href":"https:\/\/www.ecuadortimes.net\/es\/wp-json\/wp\/v2\/tags?post=237235"}],"curies":[{"name":"wp","href":"https:\/\/api.w.org\/{rel}","templated":true}]}}