{"id":237237,"date":"2016-01-22T00:00:00","date_gmt":"2016-01-22T00:00:00","guid":{"rendered":"https:\/\/www.ecuadortimes.net\/es\/afectados-por-el-caso-terrabienes-hicieron-planton\/"},"modified":"2016-01-22T00:00:00","modified_gmt":"2016-01-22T00:00:00","slug":"afectados-por-el-caso-terrabienes-hicieron-planton","status":"publish","type":"post","link":"https:\/\/www.ecuadortimes.net\/es\/afectados-por-el-caso-terrabienes-hicieron-planton\/","title":{"rendered":"Afectados por el caso Terrabienes hicieron plant\u00f3n"},"content":{"rendered":"<p>&nbsp;<\/p>\n<p style=\"text-align: justify;\">Casi un centenar de perjudicados por la <strong>inmobiliaria Terrabienes<\/strong> protestaron, ayer, en las inmediaciones donde la compa\u00f1\u00eda dej\u00f3 inconcluso su plan <strong>habitacional Arcos del R\u00edo<\/strong>, en la autopista Terminal <strong>Terrestre- Pascuales<\/strong>, en Guayaquil.<\/p>\n<p style=\"text-align: justify;\">Desde las 14:00, decenas de personas se concentraron ante una convocatoria del <strong>Comit\u00e9 de Perjudicados<\/strong> para conocer la situaci\u00f3n actual de los procesos judiciales iniciados contra la inmobiliaria, que desde febrero del a\u00f1o pasado se encuentra intervenida por la <strong>Superintendencia de Compa\u00f1\u00edas<\/strong>. (I)<\/p>\n<p>&nbsp;<\/p>\n<p>Fuente: <a href=\"http:\/\/www.eluniverso.com\/noticias\/2016\/01\/22\/nota\/5359294\/afectados-caso-terrabienes-hicieron-planton\">http:\/\/www.eluniverso.com\/noticias\/2016\/01\/22\/nota\/5359294\/afectados-caso-terrabienes-hicieron-planton<\/a><\/p>\n","protected":false},"excerpt":{"rendered":"<p>&nbsp; Casi un centenar de perjudicados por la inmobiliaria Terrabienes protestaron, ayer, en las inmediaciones donde la compa\u00f1\u00eda dej\u00f3 inconcluso su plan habitacional Arcos del R\u00edo, en la autopista Terminal Terrestre- Pascuales, en Guayaquil. Desde las 14:00, decenas de personas se concentraron ante una convocatoria del Comit\u00e9 de Perjudicados para conocer la situaci\u00f3n actual de los procesos judiciales iniciados contra la inmobiliaria, que desde febrero del a\u00f1o pasado se encuentra intervenida por la Superintendencia de Compa\u00f1\u00edas. (I) &nbsp; Fuente: http:\/\/www.eluniverso.com\/noticias\/2016\/01\/22\/nota\/5359294\/afectados-caso-terrabienes-hicieron-planton<\/p>\n","protected":false},"author":1,"featured_media":237238,"comment_status":"open","ping_status":"open","sticky":false,"template":"","format":"standard","meta":[],"categories":[40],"tags":[],"_links":{"self":[{"href":"https:\/\/www.ecuadortimes.net\/es\/wp-json\/wp\/v2\/posts\/237237"}],"collection":[{"href":"https:\/\/www.ecuadortimes.net\/es\/wp-json\/wp\/v2\/posts"}],"about":[{"href":"https:\/\/www.ecuadortimes.net\/es\/wp-json\/wp\/v2\/types\/post"}],"author":[{"embeddable":true,"href":"https:\/\/www.ecuadortimes.net\/es\/wp-json\/wp\/v2\/users\/1"}],"replies":[{"embeddable":true,"href":"https:\/\/www.ecuadortimes.net\/es\/wp-json\/wp\/v2\/comments?post=237237"}],"version-history":[{"count":0,"href":"https:\/\/www.ecuadortimes.net\/es\/wp-json\/wp\/v2\/posts\/237237\/revisions"}],"wp:featuredmedia":[{"embeddable":true,"href":"https:\/\/www.ecuadortimes.net\/es\/wp-json\/wp\/v2\/media\/237238"}],"wp:attachment":[{"href":"https:\/\/www.ecuadortimes.net\/es\/wp-json\/wp\/v2\/media?parent=237237"}],"wp:term":[{"taxonomy":"category","embeddable":true,"href":"https:\/\/www.ecuadortimes.net\/es\/wp-json\/wp\/v2\/categories?post=237237"},{"taxonomy":"post_tag","embeddable":true,"href":"https:\/\/www.ecuadortimes.net\/es\/wp-json\/wp\/v2\/tags?post=237237"}],"curies":[{"name":"wp","href":"https:\/\/api.w.org\/{rel}","templated":true}]}}