{"id":237248,"date":"2016-01-23T00:00:00","date_gmt":"2016-01-23T00:00:00","guid":{"rendered":"https:\/\/www.ecuadortimes.net\/es\/taisha-exige-su-via-el-gobierno-denuncia-ataque-a-uniformados\/"},"modified":"2016-01-23T00:00:00","modified_gmt":"2016-01-23T00:00:00","slug":"taisha-exige-su-via-el-gobierno-denuncia-ataque-a-uniformados","status":"publish","type":"post","link":"https:\/\/www.ecuadortimes.net\/es\/taisha-exige-su-via-el-gobierno-denuncia-ataque-a-uniformados\/","title":{"rendered":"Taisha exige su v\u00eda; el Gobierno denuncia ataque a uniformados"},"content":{"rendered":"<div style=\"text-align: justify;\">Los shuar y achuar est\u00e1n alerta en la parroquia Macuma, en el cant\u00f3n Taisha, en Morona Santiago.<\/div>\n<div style=\"text-align: justify;\"><\/div>\n<div style=\"text-align: justify;\">Quieren evitar que otra vez ingresen militares y polic\u00edas para intentar decomisar el equipo caminero que trabaja en el afirmado de la v\u00eda a Taisha, como pas\u00f3 el jueves \u00faltimo (21 de enero).<\/div>\n<div style=\"text-align: justify;\"><\/div>\n<div style=\"text-align: justify;\">El Ministerio de Ambiente envi\u00f3 ayer un comunicado al respecto, para hacer un llamado al di\u00e1logo a la poblaci\u00f3n de la zona y lament\u00f3 que la Prefectura contin\u00fae con los trabajos al margen de la ley\u009d. Conden\u00f3 los ataques\u009d a personal de la Polic\u00eda y de la Direcci\u00f3n Provincial de Ambiente mientras cumpl\u00edan una orden judicial.<\/div>\n<div style=\"text-align: justify;\"><\/div>\n<div>\n<p>Ayer hubo calma en esa parroquia y en Macas, la capital provincial, tras los enfrentamientos de la v\u00edspera. La mayor\u00eda de las autoridades y l\u00edderes ind\u00edgenas evitaron pronunciarse sobre el tema.<\/p>\n<p>&nbsp;<\/p>\n<div style=\"text-align: justify;\">\n<p>La pol\u00e9mica por esta v\u00eda se inici\u00f3 hace m\u00e1s de un a\u00f1o. El Ministerio de Ambiente dice que la Prefectura incumpli\u00f3 con las normas del plan de manejo ambiental y deforest\u00f3 108 ha de bosque nativo. Adem\u00e1s, sostiene que las fuentes h\u00eddricas est\u00e1n afectadas y que hay mal manejo de combustibles y escombros. Por eso, esta cartera de Estado le revoc\u00f3 la licencia ambiental en junio del 2015 y, por lo tanto, los trabajos deb\u00edan ser suspendidos. (I)<\/p>\n<div><\/div>\n<\/div>\n<div style=\"text-align: justify;\">Fuente: <a href=\"http:\/\/www.elcomercio.com\/actualidad\/taisha-gobierno-denuncia-ecuador-agresiones.html\" target=\"_blank\" rel=\"noopener noreferrer\">http:\/\/www.elcomercio.com\/actualidad\/taisha-gobierno-denuncia-ecuador-agresiones.html<\/a><\/div>\n<\/div>\n","protected":false},"excerpt":{"rendered":"<p>Los shuar y achuar est\u00e1n alerta en la parroquia Macuma, en el cant\u00f3n Taisha, en Morona Santiago. Quieren evitar que otra vez ingresen militares y polic\u00edas para intentar decomisar el equipo caminero que trabaja en el afirmado de la v\u00eda a Taisha, como pas\u00f3 el jueves \u00faltimo (21 de enero). El Ministerio de Ambiente envi\u00f3 ayer un comunicado al respecto, para hacer un llamado al di\u00e1logo a la poblaci\u00f3n de la zona y lament\u00f3 que la Prefectura contin\u00fae con los trabajos al margen de la ley\u009d. Conden\u00f3 los ataques\u009d a personal de la Polic\u00eda y de la Direcci\u00f3n Provincial de Ambiente mientras cumpl\u00edan una orden judicial. Ayer hubo calma en esa parroquia y en Macas, la capital provincial, tras los enfrentamientos de la v\u00edspera. La mayor\u00eda de las autoridades y l\u00edderes ind\u00edgenas evitaron pronunciarse sobre el tema. &nbsp; La pol\u00e9mica por esta v\u00eda se inici\u00f3 hace m\u00e1s de un a\u00f1o. El Ministerio de Ambiente dice que la Prefectura incumpli\u00f3 con las normas del plan de manejo ambiental y deforest\u00f3 108 ha de bosque nativo. Adem\u00e1s, sostiene que las fuentes h\u00eddricas est\u00e1n afectadas y que hay mal manejo de combustibles y escombros. Por eso, esta cartera de Estado le revoc\u00f3 la licencia ambiental en junio del 2015 y, por lo tanto, los trabajos deb\u00edan ser suspendidos. (I) Fuente: http:\/\/www.elcomercio.com\/actualidad\/taisha-gobierno-denuncia-ecuador-agresiones.html<\/p>\n","protected":false},"author":1,"featured_media":0,"comment_status":"open","ping_status":"open","sticky":false,"template":"","format":"standard","meta":[],"categories":[54,35],"tags":[],"_links":{"self":[{"href":"https:\/\/www.ecuadortimes.net\/es\/wp-json\/wp\/v2\/posts\/237248"}],"collection":[{"href":"https:\/\/www.ecuadortimes.net\/es\/wp-json\/wp\/v2\/posts"}],"about":[{"href":"https:\/\/www.ecuadortimes.net\/es\/wp-json\/wp\/v2\/types\/post"}],"author":[{"embeddable":true,"href":"https:\/\/www.ecuadortimes.net\/es\/wp-json\/wp\/v2\/users\/1"}],"replies":[{"embeddable":true,"href":"https:\/\/www.ecuadortimes.net\/es\/wp-json\/wp\/v2\/comments?post=237248"}],"version-history":[{"count":0,"href":"https:\/\/www.ecuadortimes.net\/es\/wp-json\/wp\/v2\/posts\/237248\/revisions"}],"wp:attachment":[{"href":"https:\/\/www.ecuadortimes.net\/es\/wp-json\/wp\/v2\/media?parent=237248"}],"wp:term":[{"taxonomy":"category","embeddable":true,"href":"https:\/\/www.ecuadortimes.net\/es\/wp-json\/wp\/v2\/categories?post=237248"},{"taxonomy":"post_tag","embeddable":true,"href":"https:\/\/www.ecuadortimes.net\/es\/wp-json\/wp\/v2\/tags?post=237248"}],"curies":[{"name":"wp","href":"https:\/\/api.w.org\/{rel}","templated":true}]}}