{"id":237255,"date":"2016-01-23T00:00:00","date_gmt":"2016-01-23T00:00:00","guid":{"rendered":"https:\/\/www.ecuadortimes.net\/es\/paquisha-35-anos-de-este-importante-nombre-en-la-historia-del-ecuador\/"},"modified":"2016-01-23T00:00:00","modified_gmt":"2016-01-23T00:00:00","slug":"paquisha-35-anos-de-este-importante-nombre-en-la-historia-del-ecuador","status":"publish","type":"post","link":"https:\/\/www.ecuadortimes.net\/es\/paquisha-35-anos-de-este-importante-nombre-en-la-historia-del-ecuador\/","title":{"rendered":"Paquisha, 35 a\u00f1os de este importante nombre en la historia del Ecuador"},"content":{"rendered":"<p style=\"text-align: justify;\">A las 11:30 de hoy, 22 de enero de 1981, &#8220;un helic\u00f3ptero militar peruano sobrevol\u00f3 los puestos militares ecuatorianos de Mayaicu y Paquisha, en la zona de la cordillera del C\u00f3ndor&#8221;. Una hora m\u00e1s tarde, a las 12:35, regres\u00f3 al lugar y ametrall\u00f3 al puesto militar y a un helic\u00f3ptero del Ej\u00e9rcito de Ecuador que se encontraba en tierra. Debido al ataque, result\u00f3 herido de gravedad el teniente Hugo Valencia, piloto de la Fuerza Terrestre.<\/p>\n<p style=\"text-align: justify;\">Esta es la nota de protesta que a las 22:00 del mismo d\u00eda present\u00f3 la Canciller\u00eda de Ecuador al embajador de Per\u00fa de entonces, Jos\u00e9 Carlos Mari\u00e1tegui, a quien mand\u00f3 a llamar para reclamar formalmente por la agresi\u00f3n del Ej\u00e9rcito peruano al destacamento de Paquisha, situado en una zona no delimitada por el Protocolo de R\u00edo de Janeiro, pero que para el lado peruano era un terreno no demarcado.<\/p>\n<p style=\"text-align: justify;\">La agresi\u00f3n se produce casi 40 a\u00f1os despu\u00e9s de la invasi\u00f3n peruana a territorio ecuatoriano -Santa Rosa, provincia de El Oro, el 5 de julio de 1941-, que termin\u00f3 el 29 de enero de 1942 con el protocolo de R\u00edo de Janeiro, denominado de paz, amistad y l\u00edmites, que se firm\u00f3 en el palacio de Itamaraty y que merm\u00f3 a Ecuador una parte de su territorio. (I)<\/p>\n<p style=\"text-align: justify;\">Fuente: <a href=\"http:\/\/www.eluniverso.com\/noticias\/2016\/01\/21\/nota\/5359180\/paquisha-nombre-historia-ecuador\" target=\"_blank\" rel=\"noopener noreferrer\">http:\/\/www.eluniverso.com\/noticias\/2016\/01\/21\/nota\/5359180\/paquisha-nombre-historia-ecuador<\/a><\/p>\n","protected":false},"excerpt":{"rendered":"<p>A las 11:30 de hoy, 22 de enero de 1981, &#8220;un helic\u00f3ptero militar peruano sobrevol\u00f3 los puestos militares ecuatorianos de Mayaicu y Paquisha, en la zona de la cordillera del C\u00f3ndor&#8221;. Una hora m\u00e1s tarde, a las 12:35, regres\u00f3 al lugar y ametrall\u00f3 al puesto militar y a un helic\u00f3ptero del Ej\u00e9rcito de Ecuador que se encontraba en tierra. Debido al ataque, result\u00f3 herido de gravedad el teniente Hugo Valencia, piloto de la Fuerza Terrestre. Esta es la nota de protesta que a las 22:00 del mismo d\u00eda present\u00f3 la Canciller\u00eda de Ecuador al embajador de Per\u00fa de entonces, Jos\u00e9 Carlos Mari\u00e1tegui, a quien mand\u00f3 a llamar para reclamar formalmente por la agresi\u00f3n del Ej\u00e9rcito peruano al destacamento de Paquisha, situado en una zona no delimitada por el Protocolo de R\u00edo de Janeiro, pero que para el lado peruano era un terreno no demarcado. La agresi\u00f3n se produce casi 40 a\u00f1os despu\u00e9s de la invasi\u00f3n peruana a territorio ecuatoriano -Santa Rosa, provincia de El Oro, el 5 de julio de 1941-, que termin\u00f3 el 29 de enero de 1942 con el protocolo de R\u00edo de Janeiro, denominado de paz, amistad y l\u00edmites, que se firm\u00f3 en el palacio de Itamaraty y que merm\u00f3 a Ecuador una parte de su territorio. (I) Fuente: http:\/\/www.eluniverso.com\/noticias\/2016\/01\/21\/nota\/5359180\/paquisha-nombre-historia-ecuador<\/p>\n","protected":false},"author":1,"featured_media":237256,"comment_status":"open","ping_status":"open","sticky":false,"template":"","format":"standard","meta":[],"categories":[54,32,35],"tags":[],"_links":{"self":[{"href":"https:\/\/www.ecuadortimes.net\/es\/wp-json\/wp\/v2\/posts\/237255"}],"collection":[{"href":"https:\/\/www.ecuadortimes.net\/es\/wp-json\/wp\/v2\/posts"}],"about":[{"href":"https:\/\/www.ecuadortimes.net\/es\/wp-json\/wp\/v2\/types\/post"}],"author":[{"embeddable":true,"href":"https:\/\/www.ecuadortimes.net\/es\/wp-json\/wp\/v2\/users\/1"}],"replies":[{"embeddable":true,"href":"https:\/\/www.ecuadortimes.net\/es\/wp-json\/wp\/v2\/comments?post=237255"}],"version-history":[{"count":0,"href":"https:\/\/www.ecuadortimes.net\/es\/wp-json\/wp\/v2\/posts\/237255\/revisions"}],"wp:featuredmedia":[{"embeddable":true,"href":"https:\/\/www.ecuadortimes.net\/es\/wp-json\/wp\/v2\/media\/237256"}],"wp:attachment":[{"href":"https:\/\/www.ecuadortimes.net\/es\/wp-json\/wp\/v2\/media?parent=237255"}],"wp:term":[{"taxonomy":"category","embeddable":true,"href":"https:\/\/www.ecuadortimes.net\/es\/wp-json\/wp\/v2\/categories?post=237255"},{"taxonomy":"post_tag","embeddable":true,"href":"https:\/\/www.ecuadortimes.net\/es\/wp-json\/wp\/v2\/tags?post=237255"}],"curies":[{"name":"wp","href":"https:\/\/api.w.org\/{rel}","templated":true}]}}