{"id":237259,"date":"2016-01-24T00:00:00","date_gmt":"2016-01-24T00:00:00","guid":{"rendered":"https:\/\/www.ecuadortimes.net\/es\/capturan-en-ecuador-a-presunto-cabecilla-del-frente-48-de-las-farc\/"},"modified":"2016-01-24T00:00:00","modified_gmt":"2016-01-24T00:00:00","slug":"capturan-en-ecuador-a-presunto-cabecilla-del-frente-48-de-las-farc","status":"publish","type":"post","link":"https:\/\/www.ecuadortimes.net\/es\/capturan-en-ecuador-a-presunto-cabecilla-del-frente-48-de-las-farc\/","title":{"rendered":"Capturan en Ecuador a presunto cabecilla del frente 48 de las FARC"},"content":{"rendered":"<div><small><\/small><\/p>\n<div>\n<p>Un presunto cabecilla de la guerrilla de las FARC, de Colombia, fue capturado en la provincia ecuatoriana de Sucumb\u00edos, fronteriza con ese pa\u00eds, inform\u00f3 el ministro del Interior local, Jos\u00e9 Serrano. Detenido con granadas y armas de fuego cabecilla de frente 48 de las FARC, en Sucumb\u00edos\u009d, escribi\u00f3 Serrano en su cuenta de la red social Twitter.<\/p>\n<div>\n<p>En una fotograf\u00eda colocada en esa misma red social, el hombre fue identificado como Pablo Emilio Auseno Burgos, alias &#8216;Pate Bamba&#8217;. Seg\u00fan las autoridades, Auseno se desempe\u00f1aba como cabecilla de log\u00edstica y finanzas del Frente 48 de las Fuerzas Armadas Revolucionarias de Colombia (FARC). (I)<\/p>\n<p>&nbsp;<\/p>\n<\/div>\n<div>Fuente: <a href=\"http:\/\/www.elcomercio.com\/actualidad\/captura-ecuador-cabecilla-farc-sucumbios.html\" target=\"_blank\" rel=\"noopener noreferrer\">http:\/\/www.elcomercio.com\/actualidad\/captura-ecuador-cabecilla-farc-sucumbios.html<\/a><\/div>\n<\/div>\n<\/div>\n","protected":false},"excerpt":{"rendered":"<p>Un presunto cabecilla de la guerrilla de las FARC, de Colombia, fue capturado en la provincia ecuatoriana de Sucumb\u00edos, fronteriza con ese pa\u00eds, inform\u00f3 el ministro del Interior local, Jos\u00e9 Serrano. Detenido con granadas y armas de fuego cabecilla de frente 48 de las FARC, en Sucumb\u00edos\u009d, escribi\u00f3 Serrano en su cuenta de la red social Twitter. En una fotograf\u00eda colocada en esa misma red social, el hombre fue identificado como Pablo Emilio Auseno Burgos, alias &#8216;Pate Bamba&#8217;. Seg\u00fan las autoridades, Auseno se desempe\u00f1aba como cabecilla de log\u00edstica y finanzas del Frente 48 de las Fuerzas Armadas Revolucionarias de Colombia (FARC). (I) &nbsp; Fuente: http:\/\/www.elcomercio.com\/actualidad\/captura-ecuador-cabecilla-farc-sucumbios.html<\/p>\n","protected":false},"author":1,"featured_media":0,"comment_status":"open","ping_status":"open","sticky":false,"template":"","format":"standard","meta":[],"categories":[54,32,35],"tags":[],"_links":{"self":[{"href":"https:\/\/www.ecuadortimes.net\/es\/wp-json\/wp\/v2\/posts\/237259"}],"collection":[{"href":"https:\/\/www.ecuadortimes.net\/es\/wp-json\/wp\/v2\/posts"}],"about":[{"href":"https:\/\/www.ecuadortimes.net\/es\/wp-json\/wp\/v2\/types\/post"}],"author":[{"embeddable":true,"href":"https:\/\/www.ecuadortimes.net\/es\/wp-json\/wp\/v2\/users\/1"}],"replies":[{"embeddable":true,"href":"https:\/\/www.ecuadortimes.net\/es\/wp-json\/wp\/v2\/comments?post=237259"}],"version-history":[{"count":0,"href":"https:\/\/www.ecuadortimes.net\/es\/wp-json\/wp\/v2\/posts\/237259\/revisions"}],"wp:attachment":[{"href":"https:\/\/www.ecuadortimes.net\/es\/wp-json\/wp\/v2\/media?parent=237259"}],"wp:term":[{"taxonomy":"category","embeddable":true,"href":"https:\/\/www.ecuadortimes.net\/es\/wp-json\/wp\/v2\/categories?post=237259"},{"taxonomy":"post_tag","embeddable":true,"href":"https:\/\/www.ecuadortimes.net\/es\/wp-json\/wp\/v2\/tags?post=237259"}],"curies":[{"name":"wp","href":"https:\/\/api.w.org\/{rel}","templated":true}]}}