{"id":240363,"date":"2016-08-03T00:00:00","date_gmt":"2016-08-03T00:00:00","guid":{"rendered":"https:\/\/www.ecuadortimes.net\/es\/ochoa-dice-que-cambio-en-articulo-de-ley-de-comunicacion-fue-error-de-transcripcion\/"},"modified":"2016-08-03T00:00:00","modified_gmt":"2016-08-03T00:00:00","slug":"ochoa-dice-que-cambio-en-articulo-de-ley-de-comunicacion-fue-error-de-transcripcion","status":"publish","type":"post","link":"https:\/\/www.ecuadortimes.net\/es\/ochoa-dice-que-cambio-en-articulo-de-ley-de-comunicacion-fue-error-de-transcripcion\/","title":{"rendered":"Ochoa dice que cambio en art\u00edculo de Ley de Comunicaci\u00f3n fue error de transcripci\u00f3n"},"content":{"rendered":"<p>&nbsp;<\/p>\n<p style=\"text-align: justify;\"><img loading=\"lazy\" class=\"alignnone size-large wp-image-179644\" src=\"https:\/\/www.ecuadortimes.net\/es\/wp-content\/uploads\/2016\/08\/ochoa-ecuadortimes.png\" alt=\"ochoa-ecuadortimes\" width=\"816\" height=\"544\" \/><\/p>\n<p style=\"text-align: justify;\">La reacci\u00f3n del <strong>superintendente de Comunicaci\u00f3n<\/strong>, <strong>Carlos Ochoa<\/strong>, ante la denuncia penal por una presunta falsificaci\u00f3n y uso de documentos p\u00fablicos, fue negar que se haya modificado la Ley de Comunicaci\u00f3n.<\/p>\n<p style=\"text-align: justify;\">\n<p style=\"text-align: justify;\">Esto, en referencia a la denuncia que Fundamedios y el Colegio de Abogados de Pichincha presentaron ante la posible modificaci\u00f3n de esta normativa en alrededor de 300.000 estos de bolsillo y la supuesta sanci\u00f3n que la Superintendencia habr\u00eda aplicado a medios de comunicaci\u00f3n en base a ese art\u00edculo modificado.<\/p>\n<p style=\"text-align: justify;\">\n<p style=\"text-align: justify;\">Ochoa, seg\u00fan public\u00f3 El Comercio, ha afirmado que no ha dispuesto ni ordenado ninguna modificaci\u00f3n de la Ley\u009d y que reconoce que esa es competencia exclusiva de la Asamblea Nacional. Dice que la modificaci\u00f3n se debi\u00f3 a un error de transcripci\u00f3n a la hora de enviar el texto a la imprenta.<\/p>\n<p style=\"text-align: justify;\">(La Superintendencia no ha planteado ning\u00fan proceso administrativo por el incumplimiento de la disposici\u00f3n transitoria sexta de la Ley Org\u00e1nica de Comunicaci\u00f3n\u009d, dijo Ochoa.<\/p>\n<p>&nbsp;<\/p>\n<p>En ese sentido, anunci\u00f3 un curso organizado por la Superintendencia para que universitarios se informen del contenido de la Ley.<\/p>\n<p>&nbsp;<\/p>\n<p>Ayer, el presidente del Colegio de Abogados de Pichincha, Ramiro Garc\u00eda, dijo que en una entrevista Ochoa reconoci\u00f3 la conducta que hoy es materia de debate ya que dijo a El Universo, el 11 de julio de 2016, que lo \u00fanico que hizo fue generar un arreglo, en vez de ser el art\u00edculo 102, se puso lo que obviamente constaba, que era el esp\u00edritu de la ley\u009d. (I)<\/p>\n<p>&nbsp;<\/p>\n<p>Fuente: <a href=\"http:\/\/www.larepublica.ec\/blog\/politica\/2016\/08\/02\/ochoa-dice-que-modificacion-de-articulo-de-ley-de-comunicacion-fue-error-de-transcripcion\/#prettyPhoto\">http:\/\/www.larepublica.ec\/blog\/politica\/2016\/08\/02\/ochoa-dice-que-modificacion-de-articulo-de-ley-de-comunicacion-fue-error-de-transcripcion\/#prettyPhoto<\/a><\/p>\n<p>&nbsp;<\/p>\n<p>&nbsp;<\/p>\n","protected":false},"excerpt":{"rendered":"<p>&nbsp; La reacci\u00f3n del superintendente de Comunicaci\u00f3n, Carlos Ochoa, ante la denuncia penal por una presunta falsificaci\u00f3n y uso de documentos p\u00fablicos, fue negar que se haya modificado la Ley de Comunicaci\u00f3n. Esto, en referencia a la denuncia que Fundamedios y el Colegio de Abogados de Pichincha presentaron ante la posible modificaci\u00f3n de esta normativa en alrededor de 300.000 estos de bolsillo y la supuesta sanci\u00f3n que la Superintendencia habr\u00eda aplicado a medios de comunicaci\u00f3n en base a ese art\u00edculo modificado. Ochoa, seg\u00fan public\u00f3 El Comercio, ha afirmado que no ha dispuesto ni ordenado ninguna modificaci\u00f3n de la Ley\u009d y que reconoce que esa es competencia exclusiva de la Asamblea Nacional. Dice que la modificaci\u00f3n se debi\u00f3 a un error de transcripci\u00f3n a la hora de enviar el texto a la imprenta. (La Superintendencia no ha planteado ning\u00fan proceso administrativo por el incumplimiento de la disposici\u00f3n transitoria sexta de la Ley Org\u00e1nica de Comunicaci\u00f3n\u009d, dijo Ochoa. &nbsp; En ese sentido, anunci\u00f3 un curso organizado por la Superintendencia para que universitarios se informen del contenido de la Ley. &nbsp; Ayer, el presidente del Colegio de Abogados de Pichincha, Ramiro Garc\u00eda, dijo que en una entrevista Ochoa reconoci\u00f3 la conducta que hoy es materia de debate ya que dijo a El Universo, el 11 de julio de 2016, que lo \u00fanico que hizo fue generar un arreglo, en vez de ser el art\u00edculo 102, se puso lo que obviamente constaba, que era el esp\u00edritu de la ley\u009d. (I) &nbsp; Fuente: http:\/\/www.larepublica.ec\/blog\/politica\/2016\/08\/02\/ochoa-dice-que-modificacion-de-articulo-de-ley-de-comunicacion-fue-error-de-transcripcion\/#prettyPhoto &nbsp; &nbsp;<\/p>\n","protected":false},"author":1,"featured_media":0,"comment_status":"open","ping_status":"open","sticky":false,"template":"","format":"standard","meta":[],"categories":[54,40],"tags":[],"_links":{"self":[{"href":"https:\/\/www.ecuadortimes.net\/es\/wp-json\/wp\/v2\/posts\/240363"}],"collection":[{"href":"https:\/\/www.ecuadortimes.net\/es\/wp-json\/wp\/v2\/posts"}],"about":[{"href":"https:\/\/www.ecuadortimes.net\/es\/wp-json\/wp\/v2\/types\/post"}],"author":[{"embeddable":true,"href":"https:\/\/www.ecuadortimes.net\/es\/wp-json\/wp\/v2\/users\/1"}],"replies":[{"embeddable":true,"href":"https:\/\/www.ecuadortimes.net\/es\/wp-json\/wp\/v2\/comments?post=240363"}],"version-history":[{"count":0,"href":"https:\/\/www.ecuadortimes.net\/es\/wp-json\/wp\/v2\/posts\/240363\/revisions"}],"wp:attachment":[{"href":"https:\/\/www.ecuadortimes.net\/es\/wp-json\/wp\/v2\/media?parent=240363"}],"wp:term":[{"taxonomy":"category","embeddable":true,"href":"https:\/\/www.ecuadortimes.net\/es\/wp-json\/wp\/v2\/categories?post=240363"},{"taxonomy":"post_tag","embeddable":true,"href":"https:\/\/www.ecuadortimes.net\/es\/wp-json\/wp\/v2\/tags?post=240363"}],"curies":[{"name":"wp","href":"https:\/\/api.w.org\/{rel}","templated":true}]}}