{"id":240364,"date":"2016-08-03T00:00:00","date_gmt":"2016-08-03T00:00:00","guid":{"rendered":"https:\/\/www.ecuadortimes.net\/es\/partidos-politicos-sin-definir-aun-a-sus-aspirantes-en-ecuador\/"},"modified":"2016-08-03T00:00:00","modified_gmt":"2016-08-03T00:00:00","slug":"partidos-politicos-sin-definir-aun-a-sus-aspirantes-en-ecuador","status":"publish","type":"post","link":"https:\/\/www.ecuadortimes.net\/es\/partidos-politicos-sin-definir-aun-a-sus-aspirantes-en-ecuador\/","title":{"rendered":"Partidos pol\u00edticos, sin definir a\u00fan a sus aspirantes en Ecuador"},"content":{"rendered":"<p>&nbsp;<\/p>\n<p><img loading=\"lazy\" class=\"size-full wp-image-179648 aligncenter\" src=\"https:\/\/www.ecuadortimes.net\/es\/wp-content\/uploads\/2016\/08\/vsc_190116fd1_14611599.jpg\" alt=\"vsc_190116fd1_14611599\" width=\"589\" height=\"330\" \/><\/p>\n<p style=\"text-align: justify;\">Dos candidaturas presidenciales en firme. Dieciocho personajes mocionados para terciar por esa dignidad. Y m\u00e1s del 60% de electores indecisos, seg\u00fan recientes sondeos. Este es el escenario pol\u00edtico a 200 d\u00edas de los comicios del 2017.<\/p>\n<p style=\"text-align: justify;\">\n<p style=\"text-align: justify;\">La convocatoria a elecciones ser\u00e1 el 18 de octubre. Hasta el 19 de noviembre se inscribir\u00e1 a los postulantes.<\/p>\n<p style=\"text-align: justify;\">\n<p style=\"text-align: justify;\">la llamada Unidad, la alianza PSC-Madera de Guerrero postul\u00f3 a la legisladora Cynthia Viteri. Pero los otros grupos que la integran, como Avanza, SUMA y Juntos Podemos, tienen hasta este 31 de agosto para presentar m\u00e1s opciones, que se someter\u00e1n a un proceso de selecci\u00f3n interna. Quien resulte \u0098ungido\u0099 ser\u00e1 presentado el 30 de septiembre.<\/p>\n<p style=\"text-align: justify;\">\n<p style=\"text-align: justify;\">Sociedad Patri\u00f3tica y Uni\u00f3n Ecuatoriana tambi\u00e9n tuvieron acercamientos\u009d con la Unidad, pero ya antes hab\u00edan planteado algunos nombres. El primero, a Lucio y Gilmar Guti\u00e9rrez, Patricio Zuquilanda, Leonardo Escobar y V\u00edctor Cevallos; el otro, a Washington Pes\u00e1ntez.<\/p>\n<p>&nbsp;<\/p>\n<p>Dentro del Acuerdo Nacional por el Cambio (ANC), que aglutina a grupos de izquierda, hay siete nominados: por Unidad Popular, Lenin Hurtado; por los acad\u00e9micos, Enrique Ayala; y por Pachakutik (PK), Lourdes Tib\u00e1n, Salvador Quishpe, Carlos P\u00e9rez Guartambel, Cl\u00e9ver Jim\u00e9nez y Patricio Zambrano.<\/p>\n<p>&nbsp;<\/p>\n<p>Las primarias de PK est\u00e1n previstas para este s\u00e1bado. Y el proceso de selecci\u00f3n dentro del ANC, para fines de agosto.<\/p>\n<p>&nbsp;<\/p>\n<p>El oficialismo anunci\u00f3 que el nombre de su aspirante presidencial se conocer\u00e1 en la convenci\u00f3n nacional que se realizar\u00e1 el 1 de octubre pr\u00f3ximo. La militancia delibera entre el exvicepresidente Lenin Moreno y el actual, Jorge Glas.<\/p>\n<p>&nbsp;<\/p>\n<p>Pero tambi\u00e9n existe la posibilidad de que Rafael Correa pueda postularse si el grupo Rafael Contigo Siempre logra reunir el mill\u00f3n de firmas que se requieren para convocar a una consulta popular que elimine la disposici\u00f3n transitoria que le impide ser reelegido.<\/p>\n<p>&nbsp;<\/p>\n<p>Desde el Frente Unidos, que lidera el oficialismo, tambi\u00e9n surgi\u00f3 la precandidatura de Jimmy Jairala, dirigente de Centro Democr\u00e1tico. \u00c3\u0089l responder\u00e1 el 30 de septiembre. (I)<\/p>\n<p>&nbsp;<\/p>\n<p>Fuente: <a href=\"http:\/\/www.eluniverso.com\/noticias\/2016\/08\/03\/nota\/5723112\/partidos-definir-aun-sus-aspirantes\">http:\/\/www.eluniverso.com\/noticias\/2016\/08\/03\/nota\/5723112\/partidos-definir-aun-sus-aspirantes<\/a><\/p>\n","protected":false},"excerpt":{"rendered":"<p>&nbsp; Dos candidaturas presidenciales en firme. Dieciocho personajes mocionados para terciar por esa dignidad. Y m\u00e1s del 60% de electores indecisos, seg\u00fan recientes sondeos. Este es el escenario pol\u00edtico a 200 d\u00edas de los comicios del 2017. La convocatoria a elecciones ser\u00e1 el 18 de octubre. Hasta el 19 de noviembre se inscribir\u00e1 a los postulantes. la llamada Unidad, la alianza PSC-Madera de Guerrero postul\u00f3 a la legisladora Cynthia Viteri. Pero los otros grupos que la integran, como Avanza, SUMA y Juntos Podemos, tienen hasta este 31 de agosto para presentar m\u00e1s opciones, que se someter\u00e1n a un proceso de selecci\u00f3n interna. Quien resulte \u0098ungido\u0099 ser\u00e1 presentado el 30 de septiembre. Sociedad Patri\u00f3tica y Uni\u00f3n Ecuatoriana tambi\u00e9n tuvieron acercamientos\u009d con la Unidad, pero ya antes hab\u00edan planteado algunos nombres. El primero, a Lucio y Gilmar Guti\u00e9rrez, Patricio Zuquilanda, Leonardo Escobar y V\u00edctor Cevallos; el otro, a Washington Pes\u00e1ntez. &nbsp; Dentro del Acuerdo Nacional por el Cambio (ANC), que aglutina a grupos de izquierda, hay siete nominados: por Unidad Popular, Lenin Hurtado; por los acad\u00e9micos, Enrique Ayala; y por Pachakutik (PK), Lourdes Tib\u00e1n, Salvador Quishpe, Carlos P\u00e9rez Guartambel, Cl\u00e9ver Jim\u00e9nez y Patricio Zambrano. &nbsp; Las primarias de PK est\u00e1n previstas para este s\u00e1bado. Y el proceso de selecci\u00f3n dentro del ANC, para fines de agosto. &nbsp; El oficialismo anunci\u00f3 que el nombre de su aspirante presidencial se conocer\u00e1 en la convenci\u00f3n nacional que se realizar\u00e1 el 1 de octubre pr\u00f3ximo. La militancia delibera entre el exvicepresidente Lenin Moreno y el actual, Jorge Glas. &nbsp; Pero tambi\u00e9n existe la posibilidad de que Rafael Correa pueda postularse si el grupo Rafael Contigo Siempre logra reunir el mill\u00f3n de firmas que se requieren para convocar a una consulta popular que elimine la disposici\u00f3n transitoria que le impide ser reelegido. &nbsp; Desde el Frente Unidos, que lidera el oficialismo, tambi\u00e9n surgi\u00f3 la precandidatura de Jimmy Jairala, dirigente de Centro Democr\u00e1tico. \u00c3\u0089l responder\u00e1 el 30 de septiembre. (I) &nbsp; Fuente: http:\/\/www.eluniverso.com\/noticias\/2016\/08\/03\/nota\/5723112\/partidos-definir-aun-sus-aspirantes<\/p>\n","protected":false},"author":1,"featured_media":240365,"comment_status":"open","ping_status":"open","sticky":false,"template":"","format":"standard","meta":[],"categories":[54,40],"tags":[],"_links":{"self":[{"href":"https:\/\/www.ecuadortimes.net\/es\/wp-json\/wp\/v2\/posts\/240364"}],"collection":[{"href":"https:\/\/www.ecuadortimes.net\/es\/wp-json\/wp\/v2\/posts"}],"about":[{"href":"https:\/\/www.ecuadortimes.net\/es\/wp-json\/wp\/v2\/types\/post"}],"author":[{"embeddable":true,"href":"https:\/\/www.ecuadortimes.net\/es\/wp-json\/wp\/v2\/users\/1"}],"replies":[{"embeddable":true,"href":"https:\/\/www.ecuadortimes.net\/es\/wp-json\/wp\/v2\/comments?post=240364"}],"version-history":[{"count":0,"href":"https:\/\/www.ecuadortimes.net\/es\/wp-json\/wp\/v2\/posts\/240364\/revisions"}],"wp:featuredmedia":[{"embeddable":true,"href":"https:\/\/www.ecuadortimes.net\/es\/wp-json\/wp\/v2\/media\/240365"}],"wp:attachment":[{"href":"https:\/\/www.ecuadortimes.net\/es\/wp-json\/wp\/v2\/media?parent=240364"}],"wp:term":[{"taxonomy":"category","embeddable":true,"href":"https:\/\/www.ecuadortimes.net\/es\/wp-json\/wp\/v2\/categories?post=240364"},{"taxonomy":"post_tag","embeddable":true,"href":"https:\/\/www.ecuadortimes.net\/es\/wp-json\/wp\/v2\/tags?post=240364"}],"curies":[{"name":"wp","href":"https:\/\/api.w.org\/{rel}","templated":true}]}}