{"id":240419,"date":"2016-08-08T00:00:00","date_gmt":"2016-08-08T00:00:00","guid":{"rendered":"https:\/\/www.ecuadortimes.net\/es\/ataques-con-explosivos-atemorizana-poblados-fronterizos-de-sucumbios\/"},"modified":"2016-08-08T00:00:00","modified_gmt":"2016-08-08T00:00:00","slug":"ataques-con-explosivos-atemorizana-poblados-fronterizos-de-sucumbios","status":"publish","type":"post","link":"https:\/\/www.ecuadortimes.net\/es\/ataques-con-explosivos-atemorizana-poblados-fronterizos-de-sucumbios\/","title":{"rendered":"Ataques con explosivos atemorizana poblados fronterizos de Sucumb\u00edos"},"content":{"rendered":"<p>&nbsp;<\/p>\n<p style=\"text-align: justify;\"><img loading=\"lazy\" class=\"size-full wp-image-179759 aligncenter\" src=\"https:\/\/www.ecuadortimes.net\/es\/wp-content\/uploads\/2016\/08\/FARC-SUCMUMBIOS-ECUADORTIMES.jpeg\" alt=\"FARC-SUCMUMBIOS-ECUADORTIMES\" width=\"612\" height=\"340\" \/><\/p>\n<p style=\"text-align: justify;\">En las calles de Puerto El Carmen es habitual ver a personas con corte militar. Son corpulentos, viste bivid\u00eds y jeans. Frecuentan las pocas tiendas de abarrotes que hay en el lugar o entran a los billares. Moradores de este peque\u00f1o poblado de Sucumb\u00edos, fronterizo con Colombia, dicen que esas personas son guerrilleros de las <strong>FARC<\/strong>. La gente no se mete con ellos; mayor temor provoca, desde hace tres semanas, el rumor de que en esta zona de Ecuador opera un nuevo grupo armado irregular. Los campesinos, asentados en las riberas de los r\u00edos San Miguel y Putumayo, hablan de una guerrilla ecuatoriana\u009d. Incluso dicen que estar\u00eda conformada por bandas delictivas y disidentes de las FARC. Desde julio, a ese grupo se le atribuyen tres ataques violentos, dirigidos a personas que viven o trabajan en Puerto El Carmen.<\/p>\n<p style=\"text-align: justify;\">Diario El Comercio lleg\u00f3 a esa localidad fronteriza situada a 188 kil\u00f3metros de Lago Agrio, en el l\u00edmite con Colombia. All\u00ed habitan unas 3 000 personas. El 60% es oriundo de Colombia y el resto de Ecuador. El calor es intenso y la humedad igual. Los pobladores usan pantalonetas, camisas y blusas ligeros. Los militares, con uniforme camuflaje, fusiles, cascos y chalecos antibalas, caminan por las calles, como parte de la cotidianidad.(I)<\/p>\n<p>&nbsp;<\/p>\n<p>Fuente: <a href=\"http:\/\/www.elcomercio.com\/actualidad\/ataques-explosivos-temor-poblados-frontera.html\">http:\/\/www.elcomercio.com\/actualidad\/ataques-explosivos-temor-poblados-frontera.html<\/a><\/p>\n<p>&nbsp;<\/p>\n<p>&nbsp;<\/p>\n","protected":false},"excerpt":{"rendered":"<p>&nbsp; En las calles de Puerto El Carmen es habitual ver a personas con corte militar. Son corpulentos, viste bivid\u00eds y jeans. Frecuentan las pocas tiendas de abarrotes que hay en el lugar o entran a los billares. Moradores de este peque\u00f1o poblado de Sucumb\u00edos, fronterizo con Colombia, dicen que esas personas son guerrilleros de las FARC. La gente no se mete con ellos; mayor temor provoca, desde hace tres semanas, el rumor de que en esta zona de Ecuador opera un nuevo grupo armado irregular. Los campesinos, asentados en las riberas de los r\u00edos San Miguel y Putumayo, hablan de una guerrilla ecuatoriana\u009d. Incluso dicen que estar\u00eda conformada por bandas delictivas y disidentes de las FARC. Desde julio, a ese grupo se le atribuyen tres ataques violentos, dirigidos a personas que viven o trabajan en Puerto El Carmen. Diario El Comercio lleg\u00f3 a esa localidad fronteriza situada a 188 kil\u00f3metros de Lago Agrio, en el l\u00edmite con Colombia. All\u00ed habitan unas 3 000 personas. El 60% es oriundo de Colombia y el resto de Ecuador. El calor es intenso y la humedad igual. Los pobladores usan pantalonetas, camisas y blusas ligeros. Los militares, con uniforme camuflaje, fusiles, cascos y chalecos antibalas, caminan por las calles, como parte de la cotidianidad.(I) &nbsp; Fuente: http:\/\/www.elcomercio.com\/actualidad\/ataques-explosivos-temor-poblados-frontera.html &nbsp; &nbsp;<\/p>\n","protected":false},"author":1,"featured_media":240420,"comment_status":"open","ping_status":"open","sticky":false,"template":"","format":"standard","meta":[],"categories":[54,40],"tags":[],"_links":{"self":[{"href":"https:\/\/www.ecuadortimes.net\/es\/wp-json\/wp\/v2\/posts\/240419"}],"collection":[{"href":"https:\/\/www.ecuadortimes.net\/es\/wp-json\/wp\/v2\/posts"}],"about":[{"href":"https:\/\/www.ecuadortimes.net\/es\/wp-json\/wp\/v2\/types\/post"}],"author":[{"embeddable":true,"href":"https:\/\/www.ecuadortimes.net\/es\/wp-json\/wp\/v2\/users\/1"}],"replies":[{"embeddable":true,"href":"https:\/\/www.ecuadortimes.net\/es\/wp-json\/wp\/v2\/comments?post=240419"}],"version-history":[{"count":0,"href":"https:\/\/www.ecuadortimes.net\/es\/wp-json\/wp\/v2\/posts\/240419\/revisions"}],"wp:featuredmedia":[{"embeddable":true,"href":"https:\/\/www.ecuadortimes.net\/es\/wp-json\/wp\/v2\/media\/240420"}],"wp:attachment":[{"href":"https:\/\/www.ecuadortimes.net\/es\/wp-json\/wp\/v2\/media?parent=240419"}],"wp:term":[{"taxonomy":"category","embeddable":true,"href":"https:\/\/www.ecuadortimes.net\/es\/wp-json\/wp\/v2\/categories?post=240419"},{"taxonomy":"post_tag","embeddable":true,"href":"https:\/\/www.ecuadortimes.net\/es\/wp-json\/wp\/v2\/tags?post=240419"}],"curies":[{"name":"wp","href":"https:\/\/api.w.org\/{rel}","templated":true}]}}