{"id":240434,"date":"2016-08-08T00:00:00","date_gmt":"2016-08-08T00:00:00","guid":{"rendered":"https:\/\/www.ecuadortimes.net\/es\/sin-acuerdos-para-designar-al-rector-titular-de-la-universidad-andina\/"},"modified":"2016-08-08T00:00:00","modified_gmt":"2016-08-08T00:00:00","slug":"sin-acuerdos-para-designar-al-rector-titular-de-la-universidad-andina","status":"publish","type":"post","link":"https:\/\/www.ecuadortimes.net\/es\/sin-acuerdos-para-designar-al-rector-titular-de-la-universidad-andina\/","title":{"rendered":"Sin acuerdos para designar al rector titular de la Universidad Andina"},"content":{"rendered":"<p><img loading=\"lazy\" class=\"alignnone size-full wp-image-179791\" src=\"https:\/\/www.ecuadortimes.net\/es\/wp-content\/uploads\/2016\/08\/rector-andina-ecuadortimes.jpeg\" alt=\"rector andina-ecuadortimes\" width=\"612\" height=\"340\" \/><\/p>\n<p style=\"text-align: justify;\">\n<p style=\"text-align: justify;\">En una semana, el lunes 15, concluir\u00e1 el plazo que tiene la Universidad Andina para convocar a un proceso de consulta previa. Y as\u00ed designar a un rector titular, hasta el 15 de octubre, como resolvi\u00f3 el Consejo de Educaci\u00f3n Superior (CES). Pero hasta ahora no hay una salida a la vista. Autoridades educativas y de este centro de posgrado no han abierto el di\u00e1logo. Solo se han manejado a trav\u00e9s de comunicados, tuits e intervenciones en medios de comunicaci\u00f3n. Esas han sido las reacciones de lado y lado, luego de que se hiciera p\u00fablica la resoluci\u00f3n del CES, del 28 de julio, en la que adem\u00e1s se ped\u00eda a la Andina elegir otro rector interino, en reemplazo de Jaime Breilh. \u00c3\u0081lvaro Mej\u00eda, procurador de la universidad, anot\u00f3 que Breilh ejerce el cargo en virtud de la subrogaci\u00f3n que se dio por expreso mandato normativo, ante la decisi\u00f3n de C\u00e9sar Monta\u00f1o Galarza.<\/p>\n<p>&nbsp;<\/p>\n<p>Fuente: <a href=\"http:\/\/www.elcomercio.com\/actualidad\/acuerdos-designacion-rector-universidadandina-ecuador.html\">http:\/\/www.elcomercio.com\/actualidad\/acuerdos-designacion-rector-universidadandina-ecuador.html<\/a><\/p>\n<p>&nbsp;<\/p>\n<p>&nbsp;<\/p>\n<p>&nbsp;<\/p>\n","protected":false},"excerpt":{"rendered":"<p>En una semana, el lunes 15, concluir\u00e1 el plazo que tiene la Universidad Andina para convocar a un proceso de consulta previa. Y as\u00ed designar a un rector titular, hasta el 15 de octubre, como resolvi\u00f3 el Consejo de Educaci\u00f3n Superior (CES). Pero hasta ahora no hay una salida a la vista. Autoridades educativas y de este centro de posgrado no han abierto el di\u00e1logo. Solo se han manejado a trav\u00e9s de comunicados, tuits e intervenciones en medios de comunicaci\u00f3n. Esas han sido las reacciones de lado y lado, luego de que se hiciera p\u00fablica la resoluci\u00f3n del CES, del 28 de julio, en la que adem\u00e1s se ped\u00eda a la Andina elegir otro rector interino, en reemplazo de Jaime Breilh. \u00c3\u0081lvaro Mej\u00eda, procurador de la universidad, anot\u00f3 que Breilh ejerce el cargo en virtud de la subrogaci\u00f3n que se dio por expreso mandato normativo, ante la decisi\u00f3n de C\u00e9sar Monta\u00f1o Galarza. &nbsp; Fuente: http:\/\/www.elcomercio.com\/actualidad\/acuerdos-designacion-rector-universidadandina-ecuador.html &nbsp; &nbsp; &nbsp;<\/p>\n","protected":false},"author":1,"featured_media":240435,"comment_status":"open","ping_status":"open","sticky":false,"template":"","format":"standard","meta":[],"categories":[40],"tags":[],"_links":{"self":[{"href":"https:\/\/www.ecuadortimes.net\/es\/wp-json\/wp\/v2\/posts\/240434"}],"collection":[{"href":"https:\/\/www.ecuadortimes.net\/es\/wp-json\/wp\/v2\/posts"}],"about":[{"href":"https:\/\/www.ecuadortimes.net\/es\/wp-json\/wp\/v2\/types\/post"}],"author":[{"embeddable":true,"href":"https:\/\/www.ecuadortimes.net\/es\/wp-json\/wp\/v2\/users\/1"}],"replies":[{"embeddable":true,"href":"https:\/\/www.ecuadortimes.net\/es\/wp-json\/wp\/v2\/comments?post=240434"}],"version-history":[{"count":0,"href":"https:\/\/www.ecuadortimes.net\/es\/wp-json\/wp\/v2\/posts\/240434\/revisions"}],"wp:featuredmedia":[{"embeddable":true,"href":"https:\/\/www.ecuadortimes.net\/es\/wp-json\/wp\/v2\/media\/240435"}],"wp:attachment":[{"href":"https:\/\/www.ecuadortimes.net\/es\/wp-json\/wp\/v2\/media?parent=240434"}],"wp:term":[{"taxonomy":"category","embeddable":true,"href":"https:\/\/www.ecuadortimes.net\/es\/wp-json\/wp\/v2\/categories?post=240434"},{"taxonomy":"post_tag","embeddable":true,"href":"https:\/\/www.ecuadortimes.net\/es\/wp-json\/wp\/v2\/tags?post=240434"}],"curies":[{"name":"wp","href":"https:\/\/api.w.org\/{rel}","templated":true}]}}