{"id":240455,"date":"2016-08-09T00:00:00","date_gmt":"2016-08-09T00:00:00","guid":{"rendered":"https:\/\/www.ecuadortimes.net\/es\/se-inicio-la-audiencia-por-el-asesinato-de-las-turistas-argentinas\/"},"modified":"2016-08-09T00:00:00","modified_gmt":"2016-08-09T00:00:00","slug":"se-inicio-la-audiencia-por-el-asesinato-de-las-turistas-argentinas","status":"publish","type":"post","link":"https:\/\/www.ecuadortimes.net\/es\/se-inicio-la-audiencia-por-el-asesinato-de-las-turistas-argentinas\/","title":{"rendered":"Se inici\u00f3 la audiencia por el asesinato de las turistas argentinas"},"content":{"rendered":"<p><img loading=\"lazy\" class=\"size-full wp-image-179831 aligncenter\" src=\"https:\/\/www.ecuadortimes.net\/es\/wp-content\/uploads\/2016\/08\/caso-argentinas-ecuadortimes.jpg\" alt=\"caso argentinas-ecuadortimes\" width=\"762\" height=\"428\" \/><\/p>\n<p style=\"text-align: justify;\">A las 09:00 de hoy lunes 8 de agosto se dio inicio a la audiencia de juzgamiento en contra de <strong>Segundo Ponce Mina<\/strong> y<strong> Eduardo Aurelio De la A Rodr\u00edguez<\/strong> (rojo) acusados por el asesinato de las turistas argentinas <strong>Marina Menegazzo<\/strong> y <strong>Maria Jos\u00e9 Coni<\/strong> ocurrido a finales de febrero pasado.<\/p>\n<p style=\"text-align: justify;\">\n<p style=\"text-align: justify;\">La diligencia se cumple en la <strong>Corte Provincial de Justicia de Santa Elena<\/strong> a donde arribaron desde Argentinas familiares de las v\u00edctimas.<\/p>\n<p style=\"text-align: justify;\">\n<p style=\"text-align: justify;\">Gladys Stefanny, madre de Maria Jos\u00e9 Coni se\u00f1al\u00f3 que se espera que brille la justicia  si los que est\u00e1n detenidos son culpables que les caiga todo el peso de la ley, pero adem\u00e1s debe encontrarse a todos los que han estado involucrados en el asesinato\u009d, expres\u00f3<\/p>\n<p style=\"text-align: justify;\">\n<p style=\"text-align: justify;\">Por su parte Paula Menegazzo hermana de Marina ans\u00eda que durante los d\u00edas que dure este proceso se esclarezca todo lo ocurrido queremos saber porque lo hicieron\u009d, manifest\u00f3.<\/p>\n<p style=\"text-align: justify;\">\n<p style=\"text-align: justify;\">Son 50 los testigos entre peritos policiales y comuneros que deber\u00e1n comparecer ante el Tribunal Penal. (I)<\/p>\n<p>&nbsp;<\/p>\n<p>Fuente: <a href=\"http:\/\/expreso.ec\/actualidad\/se-inicio-la-audiencia-por-el-asesinato-de-las-turistas-argentinas-DD544588\">http:\/\/expreso.ec\/actualidad\/se-inicio-la-audiencia-por-el-asesinato-de-las-turistas-argentinas-DD544588<\/a><\/p>\n","protected":false},"excerpt":{"rendered":"<p>A las 09:00 de hoy lunes 8 de agosto se dio inicio a la audiencia de juzgamiento en contra de Segundo Ponce Mina y Eduardo Aurelio De la A Rodr\u00edguez (rojo) acusados por el asesinato de las turistas argentinas Marina Menegazzo y Maria Jos\u00e9 Coni ocurrido a finales de febrero pasado. La diligencia se cumple en la Corte Provincial de Justicia de Santa Elena a donde arribaron desde Argentinas familiares de las v\u00edctimas. Gladys Stefanny, madre de Maria Jos\u00e9 Coni se\u00f1al\u00f3 que se espera que brille la justicia si los que est\u00e1n detenidos son culpables que les caiga todo el peso de la ley, pero adem\u00e1s debe encontrarse a todos los que han estado involucrados en el asesinato\u009d, expres\u00f3 Por su parte Paula Menegazzo hermana de Marina ans\u00eda que durante los d\u00edas que dure este proceso se esclarezca todo lo ocurrido queremos saber porque lo hicieron\u009d, manifest\u00f3. Son 50 los testigos entre peritos policiales y comuneros que deber\u00e1n comparecer ante el Tribunal Penal. (I) &nbsp; Fuente: http:\/\/expreso.ec\/actualidad\/se-inicio-la-audiencia-por-el-asesinato-de-las-turistas-argentinas-DD544588<\/p>\n","protected":false},"author":1,"featured_media":240456,"comment_status":"open","ping_status":"open","sticky":false,"template":"","format":"standard","meta":[],"categories":[40],"tags":[],"_links":{"self":[{"href":"https:\/\/www.ecuadortimes.net\/es\/wp-json\/wp\/v2\/posts\/240455"}],"collection":[{"href":"https:\/\/www.ecuadortimes.net\/es\/wp-json\/wp\/v2\/posts"}],"about":[{"href":"https:\/\/www.ecuadortimes.net\/es\/wp-json\/wp\/v2\/types\/post"}],"author":[{"embeddable":true,"href":"https:\/\/www.ecuadortimes.net\/es\/wp-json\/wp\/v2\/users\/1"}],"replies":[{"embeddable":true,"href":"https:\/\/www.ecuadortimes.net\/es\/wp-json\/wp\/v2\/comments?post=240455"}],"version-history":[{"count":0,"href":"https:\/\/www.ecuadortimes.net\/es\/wp-json\/wp\/v2\/posts\/240455\/revisions"}],"wp:featuredmedia":[{"embeddable":true,"href":"https:\/\/www.ecuadortimes.net\/es\/wp-json\/wp\/v2\/media\/240456"}],"wp:attachment":[{"href":"https:\/\/www.ecuadortimes.net\/es\/wp-json\/wp\/v2\/media?parent=240455"}],"wp:term":[{"taxonomy":"category","embeddable":true,"href":"https:\/\/www.ecuadortimes.net\/es\/wp-json\/wp\/v2\/categories?post=240455"},{"taxonomy":"post_tag","embeddable":true,"href":"https:\/\/www.ecuadortimes.net\/es\/wp-json\/wp\/v2\/tags?post=240455"}],"curies":[{"name":"wp","href":"https:\/\/api.w.org\/{rel}","templated":true}]}}