{"id":240457,"date":"2016-08-10T00:00:00","date_gmt":"2016-08-10T00:00:00","guid":{"rendered":"https:\/\/www.ecuadortimes.net\/es\/correa-pide-embargar-bienes-de-fernando-villavicencio-si-no-le-paga-141-mil-dolares\/"},"modified":"2016-08-10T00:00:00","modified_gmt":"2016-08-10T00:00:00","slug":"correa-pide-embargar-bienes-de-fernando-villavicencio-si-no-le-paga-141-mil-dolares","status":"publish","type":"post","link":"https:\/\/www.ecuadortimes.net\/es\/correa-pide-embargar-bienes-de-fernando-villavicencio-si-no-le-paga-141-mil-dolares\/","title":{"rendered":"Correa pide embargar bienes de Fernando Villavicencio si no le paga 141 mil d\u00f3lares"},"content":{"rendered":"<p>&nbsp;<\/p>\n<p><img loading=\"lazy\" class=\"alignnone size-full wp-image-179840\" src=\"https:\/\/www.ecuadortimes.net\/es\/wp-content\/uploads\/2016\/08\/fernando-villavicencio-ECUADORTIMES.jpg\" alt=\"fernando-villavicencio-ECUADORTIMES\" width=\"940\" height=\"523\" \/><\/p>\n<p style=\"text-align: justify;\">El juez Edwin Cevallos Ampudia ha iniciado, a petici\u00f3n del presidente <strong>Rafael Correa<\/strong>, el proceso para declarar la insolvencia del periodista <strong>Fernando Villavicencio<\/strong>, para lograr el pago de 141 mil d\u00f3lares de indemnizaci\u00f3n, al que fue condenado despu\u00e9s que un tribunal consider\u00f3 injuriosas sus declaraciones sobre la actuaci\u00f3n de Correa durante el <strong>30S<\/strong>.<\/p>\n<p style=\"text-align: justify;\">El juez ha pedido a Villavicencio que pague o dimita bienes, es decir, que los entregue para que sean rematados. Ha ordenado la ocupaci\u00f3n de todos sus bienes, libros, correspondencia, y ha prohibido su salida del pa\u00eds. Seg\u00fan el procedimiento, si Villavicencio no paga o entrega bienes, el juez embargar\u00e1 los que encuentre, los rematar\u00e1 y con lo que se obtenga, pagar\u00e1 la deuda a Correa.<\/p>\n<p>&nbsp;<\/p>\n<p>El exlegislador opositor Clever Jim\u00e9nmez y Villavicencio (asesor de este) fueron condenados en 2014 a un a\u00f1o de prisi\u00f3n, mientras que el activista Carlos Figueroa lo fue a seis meses de privaci\u00f3n de libertad por la Justicia ecuatoriana, que les impuso el pago conjunto de la citada cantidad. (I)<\/p>\n<p>&nbsp;<\/p>\n<p>Fuente: <a href=\"http:\/\/www.larepublica.ec\/blog\/politica\/2016\/08\/09\/correa-pide-embargar-bienes-de-fernando-villavicencio-si-no-le-paga-141-mil-dolares\/\">http:\/\/www.larepublica.ec\/blog\/politica\/2016\/08\/09\/correa-pide-embargar-bienes-de-fernando-villavicencio-si-no-le-paga-141-mil-dolares\/<\/a><\/p>\n","protected":false},"excerpt":{"rendered":"<p>&nbsp; El juez Edwin Cevallos Ampudia ha iniciado, a petici\u00f3n del presidente Rafael Correa, el proceso para declarar la insolvencia del periodista Fernando Villavicencio, para lograr el pago de 141 mil d\u00f3lares de indemnizaci\u00f3n, al que fue condenado despu\u00e9s que un tribunal consider\u00f3 injuriosas sus declaraciones sobre la actuaci\u00f3n de Correa durante el 30S. El juez ha pedido a Villavicencio que pague o dimita bienes, es decir, que los entregue para que sean rematados. Ha ordenado la ocupaci\u00f3n de todos sus bienes, libros, correspondencia, y ha prohibido su salida del pa\u00eds. Seg\u00fan el procedimiento, si Villavicencio no paga o entrega bienes, el juez embargar\u00e1 los que encuentre, los rematar\u00e1 y con lo que se obtenga, pagar\u00e1 la deuda a Correa. &nbsp; El exlegislador opositor Clever Jim\u00e9nmez y Villavicencio (asesor de este) fueron condenados en 2014 a un a\u00f1o de prisi\u00f3n, mientras que el activista Carlos Figueroa lo fue a seis meses de privaci\u00f3n de libertad por la Justicia ecuatoriana, que les impuso el pago conjunto de la citada cantidad. (I) &nbsp; Fuente: http:\/\/www.larepublica.ec\/blog\/politica\/2016\/08\/09\/correa-pide-embargar-bienes-de-fernando-villavicencio-si-no-le-paga-141-mil-dolares\/<\/p>\n","protected":false},"author":1,"featured_media":240458,"comment_status":"open","ping_status":"open","sticky":false,"template":"","format":"standard","meta":[],"categories":[54,40],"tags":[],"_links":{"self":[{"href":"https:\/\/www.ecuadortimes.net\/es\/wp-json\/wp\/v2\/posts\/240457"}],"collection":[{"href":"https:\/\/www.ecuadortimes.net\/es\/wp-json\/wp\/v2\/posts"}],"about":[{"href":"https:\/\/www.ecuadortimes.net\/es\/wp-json\/wp\/v2\/types\/post"}],"author":[{"embeddable":true,"href":"https:\/\/www.ecuadortimes.net\/es\/wp-json\/wp\/v2\/users\/1"}],"replies":[{"embeddable":true,"href":"https:\/\/www.ecuadortimes.net\/es\/wp-json\/wp\/v2\/comments?post=240457"}],"version-history":[{"count":0,"href":"https:\/\/www.ecuadortimes.net\/es\/wp-json\/wp\/v2\/posts\/240457\/revisions"}],"wp:featuredmedia":[{"embeddable":true,"href":"https:\/\/www.ecuadortimes.net\/es\/wp-json\/wp\/v2\/media\/240458"}],"wp:attachment":[{"href":"https:\/\/www.ecuadortimes.net\/es\/wp-json\/wp\/v2\/media?parent=240457"}],"wp:term":[{"taxonomy":"category","embeddable":true,"href":"https:\/\/www.ecuadortimes.net\/es\/wp-json\/wp\/v2\/categories?post=240457"},{"taxonomy":"post_tag","embeddable":true,"href":"https:\/\/www.ecuadortimes.net\/es\/wp-json\/wp\/v2\/tags?post=240457"}],"curies":[{"name":"wp","href":"https:\/\/api.w.org\/{rel}","templated":true}]}}